{"id":1532,"date":"2024-11-07T17:15:27","date_gmt":"2024-11-07T16:15:27","guid":{"rendered":"https:\/\/cerfo.net\/?p=1532"},"modified":"2024-11-07T17:15:29","modified_gmt":"2024-11-07T16:15:29","slug":"cerfo-obtiene-las-ayudas-para-proyectos-idi-en-la-provincia-de-teruel","status":"publish","type":"post","link":"https:\/\/cerfo.net\/index.php\/2024\/11\/07\/cerfo-obtiene-las-ayudas-para-proyectos-idi-en-la-provincia-de-teruel\/","title":{"rendered":"CERFO obtiene las ayudas para proyectos I+D+i en la provincia de Teruel"},"content":{"rendered":"\n<p>Nos complace anunciar que nuestra empresa ha sido beneficiaria de las Ayudas para proyectos I+D+i en la provincia de Teruel &#8211; Convocatoria 2024.FITE 2022, otorgadas por el Gobierno de Espa\u00f1a y el Gobierno de Arag\u00f3n. Esta ayuda tiene como objetivo principal impulsar el desarrollo socioecon\u00f3mico de Arag\u00f3n, fomentar la creaci\u00f3n y consolidaci\u00f3n de empleo, y corregir los desequilibrios territoriales mediante el apoyo a proyectos de inversi\u00f3n, tanto p\u00fablicos como privados, con un enfoque especial en las zonas menos desarrolladas de la regi\u00f3n.<\/p>\n\n\n\n<h2 class=\"wp-block-heading\">Innovaci\u00f3n en el reciclaje de paneles fotovoltaicos<\/h2>\n\n\n\n<p>La ayuda ha sido otorgada para abordar un desaf\u00edo urgente: la necesidad de un reciclaje eficiente y sostenible de paneles fotovoltaicos. Nuestro proyecto de investigaci\u00f3n industrial, en colaboraci\u00f3n con la empresa Mecanizados Mart\u00edn S.L., se centra en optimizar el proceso de reciclaje de estos paneles, y su implementaci\u00f3n est\u00e1 prevista pr\u00f3ximamente en nuestra planta de reciclaje de Residuos de Aparatos El\u00e9ctricos y Electr\u00f3nicos (RAEE) de paneles fotovoltaicos, ubicada en Albalate del Arzobispo, provincia de Teruel.<\/p>\n\n\n\n<h2 class=\"wp-block-heading\">Objetivo del proyecto<\/h2>\n\n\n\n<p>El prop\u00f3sito de este proyecto no es solo resolver el problema creciente de los RAEE derivados de la expansi\u00f3n de la energ\u00eda fotovoltaica en Arag\u00f3n y Espa\u00f1a. Nuestro objetivo es ir m\u00e1s all\u00e1 de cumplir con los est\u00e1ndares normativos, recuperando componentes valiosos de los residuos fotovoltaicos y transform\u00e1ndolos en productos de alto valor a\u00f1adido. Esta iniciativa busca promover el desarrollo sostenible de la energ\u00eda renovable en Arag\u00f3n y fortalecer la econom\u00eda circular, cerrando el ciclo de vida de los paneles fotovoltaicos a trav\u00e9s de un proceso de reciclaje innovador y respetuoso con el medio ambiente.<\/p>\n\n\n\n<h2 class=\"wp-block-heading\">Mejoras clave en el proceso de reciclaje<\/h2>\n\n\n\n<p>Nuestro proyecto implementar\u00e1 avances significativos en \u00e1reas fundamentales del proceso de reciclaje, los cuales ya han sido validados con \u00e9xito en nuestras instalaciones piloto. Estas mejoras incluyen:<\/p>\n\n\n\n<p>\u00b7 Eficiencia energ\u00e9tica: Optimizaci\u00f3n del consumo energ\u00e9tico durante todo el proceso gracias a un innovador pretratamiento de los paneles, que reduce significativamente el uso de energ\u00eda.<\/p>\n\n\n\n<p>\u00b7 Calidad y cantidad de materiales recuperados: Aumento en la recuperaci\u00f3n de materiales valiosos, incluyendo algunos elementos cr\u00edticos como el silicio y la plata, lo que maximiza el valor y la sostenibilidad del reciclaje.<\/p>\n\n\n\n<p>\u00b7 Reducci\u00f3n de tiempos de reciclaje: Aceleraci\u00f3n de los procesos, aspecto clave para la pr\u00f3xima implementaci\u00f3n industrial prevista en los pr\u00f3ximos meses.<\/p>\n\n\n\n<h2 class=\"wp-block-heading\">Apoyo y financiaci\u00f3n<\/h2>\n\n\n\n<p>Gracias a las Ayudas FITE 2022, hemos podido hacer realidad este proyecto, que no solo reforzar\u00e1 la econom\u00eda circular en Arag\u00f3n, sino que tambi\u00e9n impulsar\u00e1 la generaci\u00f3n de empleo local y el desarrollo de tecnolog\u00edas innovadoras en el reciclaje industrial de RAEE de paneles fotovoltaicos. La financiaci\u00f3n proviene de los Fondos de Inversiones de Teruel, un instrumento de colaboraci\u00f3n entre la Comunidad Aut\u00f3noma de Arag\u00f3n y la Administraci\u00f3n General del Estado, destinado a proyectos que promuevan la investigaci\u00f3n, el desarrollo y la innovaci\u00f3n en la provincia de Teruel.<\/p>\n\n\n\n<h2 class=\"wp-block-heading\">Compromiso con la transparencia<\/h2>\n\n\n\n<p>En CERFO, nos comprometemos firmemente con la transparencia y el cumplimiento de todas las normativas vigentes. Pondremos a disposici\u00f3n del p\u00fablico informaci\u00f3n detallada sobre esta ayuda y su aplicaci\u00f3n en nuestro proyecto, la cual estar\u00e1 accesible a trav\u00e9s de nuestra p\u00e1gina web.<\/p>\n\n\n\n<p>Agradecemos profundamente el apoyo recibido y reafirmamos nuestro compromiso con el desarrollo sostenible y la innovaci\u00f3n en la industria del reciclaje.<\/p>\n","protected":false},"excerpt":{"rendered":"<p>Nos complace anunciar que nuestra empresa ha sido beneficiaria de las Ayudas para proyectos I+D+i en la provincia de Teruel &#8211; Convocatoria 2024.FITE 2022, otorgadas por el Gobierno de Espa\u00f1a y el Gobierno de Arag\u00f3n. Esta ayuda tiene como objetivo principal impulsar el desarrollo socioecon\u00f3mico de Arag\u00f3n, fomentar la creaci\u00f3n y consolidaci\u00f3n de empleo, y [&hellip;]<\/p>\n","protected":false},"author":1,"featured_media":1533,"comment_status":"closed","ping_status":"open","sticky":false,"template":"","format":"standard","meta":{"footnotes":""},"categories":[31],"tags":[],"class_list":["post-1532","post","type-post","status-publish","format-standard","has-post-thumbnail","hentry","category-noticias"],"yoast_head":"<!-- This site is optimized with the Yoast SEO plugin v22.9 - https:\/\/yoast.com\/wordpress\/plugins\/seo\/ -->\n<title>CERFO obtiene las ayudas para proyectos I+D+i<\/title>\n<meta name=\"description\" content=\"Nos complace anunciar que nuestra empresa ha sido beneficiaria de las Ayudas para proyectos I+D+i en la provincia de Teruel - Convocatoria 2024.FITE 2022, otorgadas por el Gobierno de Espa\u00f1a y el Gobierno de Arag\u00f3n. Esta ayuda tiene como objetivo principal impulsar el desarrollo socioecon\u00f3mico de Arag\u00f3n, fomentar la creaci\u00f3n y consolidaci\u00f3n de empleo, y corregir los desequilibrios territoriales mediante el apoyo a proyectos de inversi\u00f3n, tanto p\u00fablicos como privados, con un enfoque especial en las zonas menos desarrolladas de la regi\u00f3n.\" \/>\n<meta name=\"robots\" content=\"index, follow, max-snippet:-1, max-image-preview:large, max-video-preview:-1\" \/>\n<link rel=\"canonical\" href=\"https:\/\/cerfo.net\/index.php\/2024\/11\/07\/cerfo-obtiene-las-ayudas-para-proyectos-idi-en-la-provincia-de-teruel\/\" \/>\n<meta property=\"og:locale\" content=\"es_ES\" \/>\n<meta property=\"og:type\" content=\"article\" \/>\n<meta property=\"og:title\" content=\"CERFO obtiene las ayudas para proyectos I+D+i\" \/>\n<meta property=\"og:description\" content=\"Nos complace anunciar que nuestra empresa ha sido beneficiaria de las Ayudas para proyectos I+D+i en la provincia de Teruel - Convocatoria 2024.FITE 2022, otorgadas por el Gobierno de Espa\u00f1a y el Gobierno de Arag\u00f3n. Esta ayuda tiene como objetivo principal impulsar el desarrollo socioecon\u00f3mico de Arag\u00f3n, fomentar la creaci\u00f3n y consolidaci\u00f3n de empleo, y corregir los desequilibrios territoriales mediante el apoyo a proyectos de inversi\u00f3n, tanto p\u00fablicos como privados, con un enfoque especial en las zonas menos desarrolladas de la regi\u00f3n.\" \/>\n<meta property=\"og:url\" content=\"https:\/\/cerfo.net\/index.php\/2024\/11\/07\/cerfo-obtiene-las-ayudas-para-proyectos-idi-en-la-provincia-de-teruel\/\" \/>\n<meta property=\"og:site_name\" content=\"CERFO\" \/>\n<meta property=\"article:published_time\" content=\"2024-11-07T16:15:27+00:00\" \/>\n<meta property=\"article:modified_time\" content=\"2024-11-07T16:15:29+00:00\" \/>\n<meta property=\"og:image\" content=\"https:\/\/cerfo.net\/wp-content\/uploads\/2024\/11\/2021-fite-45x30-1.jpg\" \/>\n\t<meta property=\"og:image:width\" content=\"1272\" \/>\n\t<meta property=\"og:image:height\" content=\"855\" \/>\n\t<meta property=\"og:image:type\" content=\"image\/jpeg\" \/>\n<meta name=\"author\" content=\"admin\" \/>\n<meta name=\"twitter:card\" content=\"summary_large_image\" \/>\n<meta name=\"twitter:label1\" content=\"Escrito por\" \/>\n\t<meta name=\"twitter:data1\" content=\"admin\" \/>\n\t<meta name=\"twitter:label2\" content=\"Tiempo de lectura\" \/>\n\t<meta name=\"twitter:data2\" content=\"3 minutos\" \/>\n<script type=\"application\/ld+json\" class=\"yoast-schema-graph\">{\"@context\":\"https:\/\/schema.org\",\"@graph\":[{\"@type\":\"Article\",\"@id\":\"https:\/\/cerfo.net\/index.php\/2024\/11\/07\/cerfo-obtiene-las-ayudas-para-proyectos-idi-en-la-provincia-de-teruel\/#article\",\"isPartOf\":{\"@id\":\"https:\/\/cerfo.net\/index.php\/2024\/11\/07\/cerfo-obtiene-las-ayudas-para-proyectos-idi-en-la-provincia-de-teruel\/\"},\"author\":{\"name\":\"admin\",\"@id\":\"https:\/\/cerfo.net\/#\/schema\/person\/7252adb3fbb05bdcca35a895f00b1a41\"},\"headline\":\"CERFO obtiene las ayudas para proyectos I+D+i en la provincia de Teruel\",\"datePublished\":\"2024-11-07T16:15:27+00:00\",\"dateModified\":\"2024-11-07T16:15:29+00:00\",\"mainEntityOfPage\":{\"@id\":\"https:\/\/cerfo.net\/index.php\/2024\/11\/07\/cerfo-obtiene-las-ayudas-para-proyectos-idi-en-la-provincia-de-teruel\/\"},\"wordCount\":610,\"publisher\":{\"@id\":\"https:\/\/cerfo.net\/#organization\"},\"image\":{\"@id\":\"https:\/\/cerfo.net\/index.php\/2024\/11\/07\/cerfo-obtiene-las-ayudas-para-proyectos-idi-en-la-provincia-de-teruel\/#primaryimage\"},\"thumbnailUrl\":\"https:\/\/cerfo.net\/wp-content\/uploads\/2024\/11\/2021-fite-45x30-1.jpg\",\"articleSection\":[\"Noticias\"],\"inLanguage\":\"es\"},{\"@type\":\"WebPage\",\"@id\":\"https:\/\/cerfo.net\/index.php\/2024\/11\/07\/cerfo-obtiene-las-ayudas-para-proyectos-idi-en-la-provincia-de-teruel\/\",\"url\":\"https:\/\/cerfo.net\/index.php\/2024\/11\/07\/cerfo-obtiene-las-ayudas-para-proyectos-idi-en-la-provincia-de-teruel\/\",\"name\":\"CERFO obtiene las ayudas para proyectos I+D+i\",\"isPartOf\":{\"@id\":\"https:\/\/cerfo.net\/#website\"},\"primaryImageOfPage\":{\"@id\":\"https:\/\/cerfo.net\/index.php\/2024\/11\/07\/cerfo-obtiene-las-ayudas-para-proyectos-idi-en-la-provincia-de-teruel\/#primaryimage\"},\"image\":{\"@id\":\"https:\/\/cerfo.net\/index.php\/2024\/11\/07\/cerfo-obtiene-las-ayudas-para-proyectos-idi-en-la-provincia-de-teruel\/#primaryimage\"},\"thumbnailUrl\":\"https:\/\/cerfo.net\/wp-content\/uploads\/2024\/11\/2021-fite-45x30-1.jpg\",\"datePublished\":\"2024-11-07T16:15:27+00:00\",\"dateModified\":\"2024-11-07T16:15:29+00:00\",\"description\":\"Nos complace anunciar que nuestra empresa ha sido beneficiaria de las Ayudas para proyectos I+D+i en la provincia de Teruel - Convocatoria 2024.FITE 2022, otorgadas por el Gobierno de Espa\u00f1a y el Gobierno de Arag\u00f3n. Esta ayuda tiene como objetivo principal impulsar el desarrollo socioecon\u00f3mico de Arag\u00f3n, fomentar la creaci\u00f3n y consolidaci\u00f3n de empleo, y corregir los desequilibrios territoriales mediante el apoyo a proyectos de inversi\u00f3n, tanto p\u00fablicos como privados, con un enfoque especial en las zonas menos desarrolladas de la regi\u00f3n.\",\"breadcrumb\":{\"@id\":\"https:\/\/cerfo.net\/index.php\/2024\/11\/07\/cerfo-obtiene-las-ayudas-para-proyectos-idi-en-la-provincia-de-teruel\/#breadcrumb\"},\"inLanguage\":\"es\",\"potentialAction\":[{\"@type\":\"ReadAction\",\"target\":[\"https:\/\/cerfo.net\/index.php\/2024\/11\/07\/cerfo-obtiene-las-ayudas-para-proyectos-idi-en-la-provincia-de-teruel\/\"]}]},{\"@type\":\"ImageObject\",\"inLanguage\":\"es\",\"@id\":\"https:\/\/cerfo.net\/index.php\/2024\/11\/07\/cerfo-obtiene-las-ayudas-para-proyectos-idi-en-la-provincia-de-teruel\/#primaryimage\",\"url\":\"https:\/\/cerfo.net\/wp-content\/uploads\/2024\/11\/2021-fite-45x30-1.jpg\",\"contentUrl\":\"https:\/\/cerfo.net\/wp-content\/uploads\/2024\/11\/2021-fite-45x30-1.jpg\",\"width\":1272,\"height\":855},{\"@type\":\"BreadcrumbList\",\"@id\":\"https:\/\/cerfo.net\/index.php\/2024\/11\/07\/cerfo-obtiene-las-ayudas-para-proyectos-idi-en-la-provincia-de-teruel\/#breadcrumb\",\"itemListElement\":[{\"@type\":\"ListItem\",\"position\":1,\"name\":\"Portada\",\"item\":\"https:\/\/cerfo.net\/\"},{\"@type\":\"ListItem\",\"position\":2,\"name\":\"CERFO obtiene las ayudas para proyectos I+D+i en la provincia de Teruel\"}]},{\"@type\":\"WebSite\",\"@id\":\"https:\/\/cerfo.net\/#website\",\"url\":\"https:\/\/cerfo.net\/\",\"name\":\"CERFO\",\"description\":\"Reciclaje de Placas Fotovolt\u00e1icas\",\"publisher\":{\"@id\":\"https:\/\/cerfo.net\/#organization\"},\"potentialAction\":[{\"@type\":\"SearchAction\",\"target\":{\"@type\":\"EntryPoint\",\"urlTemplate\":\"https:\/\/cerfo.net\/?s={search_term_string}\"},\"query-input\":\"required name=search_term_string\"}],\"inLanguage\":\"es\"},{\"@type\":\"Organization\",\"@id\":\"https:\/\/cerfo.net\/#organization\",\"name\":\"CERFO\",\"url\":\"https:\/\/cerfo.net\/\",\"logo\":{\"@type\":\"ImageObject\",\"inLanguage\":\"es\",\"@id\":\"https:\/\/cerfo.net\/#\/schema\/logo\/image\/\",\"url\":\"http:\/\/cerfo.net\/wp-content\/uploads\/2024\/03\/Cerfo_Pantone_BASELINE_positivo.png\",\"contentUrl\":\"http:\/\/cerfo.net\/wp-content\/uploads\/2024\/03\/Cerfo_Pantone_BASELINE_positivo.png\",\"width\":2186,\"height\":1205,\"caption\":\"CERFO\"},\"image\":{\"@id\":\"https:\/\/cerfo.net\/#\/schema\/logo\/image\/\"}},{\"@type\":\"Person\",\"@id\":\"https:\/\/cerfo.net\/#\/schema\/person\/7252adb3fbb05bdcca35a895f00b1a41\",\"name\":\"admin\",\"image\":{\"@type\":\"ImageObject\",\"inLanguage\":\"es\",\"@id\":\"https:\/\/cerfo.net\/#\/schema\/person\/image\/\",\"url\":\"https:\/\/secure.gravatar.com\/avatar\/67c73d365f639f534625e3fa32f7d5f8a6532110e7a35736ac5a25f2129bbe6f?s=96&d=mm&r=g\",\"contentUrl\":\"https:\/\/secure.gravatar.com\/avatar\/67c73d365f639f534625e3fa32f7d5f8a6532110e7a35736ac5a25f2129bbe6f?s=96&d=mm&r=g\",\"caption\":\"admin\"},\"sameAs\":[\"http:\/\/cerfo.net\"],\"url\":\"https:\/\/cerfo.net\/index.php\/author\/admin\/\"}]}<\/script>\n<!-- \/ Yoast SEO plugin. -->","yoast_head_json":{"title":"CERFO obtiene las ayudas para proyectos I+D+i","description":"Nos complace anunciar que nuestra empresa ha sido beneficiaria de las Ayudas para proyectos I+D+i en la provincia de Teruel - Convocatoria 2024.FITE 2022, otorgadas por el Gobierno de Espa\u00f1a y el Gobierno de Arag\u00f3n. Esta ayuda tiene como objetivo principal impulsar el desarrollo socioecon\u00f3mico de Arag\u00f3n, fomentar la creaci\u00f3n y consolidaci\u00f3n de empleo, y corregir los desequilibrios territoriales mediante el apoyo a proyectos de inversi\u00f3n, tanto p\u00fablicos como privados, con un enfoque especial en las zonas menos desarrolladas de la regi\u00f3n.","robots":{"index":"index","follow":"follow","max-snippet":"max-snippet:-1","max-image-preview":"max-image-preview:large","max-video-preview":"max-video-preview:-1"},"canonical":"https:\/\/cerfo.net\/index.php\/2024\/11\/07\/cerfo-obtiene-las-ayudas-para-proyectos-idi-en-la-provincia-de-teruel\/","og_locale":"es_ES","og_type":"article","og_title":"CERFO obtiene las ayudas para proyectos I+D+i","og_description":"Nos complace anunciar que nuestra empresa ha sido beneficiaria de las Ayudas para proyectos I+D+i en la provincia de Teruel - Convocatoria 2024.FITE 2022, otorgadas por el Gobierno de Espa\u00f1a y el Gobierno de Arag\u00f3n. Esta ayuda tiene como objetivo principal impulsar el desarrollo socioecon\u00f3mico de Arag\u00f3n, fomentar la creaci\u00f3n y consolidaci\u00f3n de empleo, y corregir los desequilibrios territoriales mediante el apoyo a proyectos de inversi\u00f3n, tanto p\u00fablicos como privados, con un enfoque especial en las zonas menos desarrolladas de la regi\u00f3n.","og_url":"https:\/\/cerfo.net\/index.php\/2024\/11\/07\/cerfo-obtiene-las-ayudas-para-proyectos-idi-en-la-provincia-de-teruel\/","og_site_name":"CERFO","article_published_time":"2024-11-07T16:15:27+00:00","article_modified_time":"2024-11-07T16:15:29+00:00","og_image":[{"width":1272,"height":855,"url":"https:\/\/cerfo.net\/wp-content\/uploads\/2024\/11\/2021-fite-45x30-1.jpg","type":"image\/jpeg"}],"author":"admin","twitter_card":"summary_large_image","twitter_misc":{"Escrito por":"admin","Tiempo de lectura":"3 minutos"},"schema":{"@context":"https:\/\/schema.org","@graph":[{"@type":"Article","@id":"https:\/\/cerfo.net\/index.php\/2024\/11\/07\/cerfo-obtiene-las-ayudas-para-proyectos-idi-en-la-provincia-de-teruel\/#article","isPartOf":{"@id":"https:\/\/cerfo.net\/index.php\/2024\/11\/07\/cerfo-obtiene-las-ayudas-para-proyectos-idi-en-la-provincia-de-teruel\/"},"author":{"name":"admin","@id":"https:\/\/cerfo.net\/#\/schema\/person\/7252adb3fbb05bdcca35a895f00b1a41"},"headline":"CERFO obtiene las ayudas para proyectos I+D+i en la provincia de Teruel","datePublished":"2024-11-07T16:15:27+00:00","dateModified":"2024-11-07T16:15:29+00:00","mainEntityOfPage":{"@id":"https:\/\/cerfo.net\/index.php\/2024\/11\/07\/cerfo-obtiene-las-ayudas-para-proyectos-idi-en-la-provincia-de-teruel\/"},"wordCount":610,"publisher":{"@id":"https:\/\/cerfo.net\/#organization"},"image":{"@id":"https:\/\/cerfo.net\/index.php\/2024\/11\/07\/cerfo-obtiene-las-ayudas-para-proyectos-idi-en-la-provincia-de-teruel\/#primaryimage"},"thumbnailUrl":"https:\/\/cerfo.net\/wp-content\/uploads\/2024\/11\/2021-fite-45x30-1.jpg","articleSection":["Noticias"],"inLanguage":"es"},{"@type":"WebPage","@id":"https:\/\/cerfo.net\/index.php\/2024\/11\/07\/cerfo-obtiene-las-ayudas-para-proyectos-idi-en-la-provincia-de-teruel\/","url":"https:\/\/cerfo.net\/index.php\/2024\/11\/07\/cerfo-obtiene-las-ayudas-para-proyectos-idi-en-la-provincia-de-teruel\/","name":"CERFO obtiene las ayudas para proyectos I+D+i","isPartOf":{"@id":"https:\/\/cerfo.net\/#website"},"primaryImageOfPage":{"@id":"https:\/\/cerfo.net\/index.php\/2024\/11\/07\/cerfo-obtiene-las-ayudas-para-proyectos-idi-en-la-provincia-de-teruel\/#primaryimage"},"image":{"@id":"https:\/\/cerfo.net\/index.php\/2024\/11\/07\/cerfo-obtiene-las-ayudas-para-proyectos-idi-en-la-provincia-de-teruel\/#primaryimage"},"thumbnailUrl":"https:\/\/cerfo.net\/wp-content\/uploads\/2024\/11\/2021-fite-45x30-1.jpg","datePublished":"2024-11-07T16:15:27+00:00","dateModified":"2024-11-07T16:15:29+00:00","description":"Nos complace anunciar que nuestra empresa ha sido beneficiaria de las Ayudas para proyectos I+D+i en la provincia de Teruel - Convocatoria 2024.FITE 2022, otorgadas por el Gobierno de Espa\u00f1a y el Gobierno de Arag\u00f3n. Esta ayuda tiene como objetivo principal impulsar el desarrollo socioecon\u00f3mico de Arag\u00f3n, fomentar la creaci\u00f3n y consolidaci\u00f3n de empleo, y corregir los desequilibrios territoriales mediante el apoyo a proyectos de inversi\u00f3n, tanto p\u00fablicos como privados, con un enfoque especial en las zonas menos desarrolladas de la regi\u00f3n.","breadcrumb":{"@id":"https:\/\/cerfo.net\/index.php\/2024\/11\/07\/cerfo-obtiene-las-ayudas-para-proyectos-idi-en-la-provincia-de-teruel\/#breadcrumb"},"inLanguage":"es","potentialAction":[{"@type":"ReadAction","target":["https:\/\/cerfo.net\/index.php\/2024\/11\/07\/cerfo-obtiene-las-ayudas-para-proyectos-idi-en-la-provincia-de-teruel\/"]}]},{"@type":"ImageObject","inLanguage":"es","@id":"https:\/\/cerfo.net\/index.php\/2024\/11\/07\/cerfo-obtiene-las-ayudas-para-proyectos-idi-en-la-provincia-de-teruel\/#primaryimage","url":"https:\/\/cerfo.net\/wp-content\/uploads\/2024\/11\/2021-fite-45x30-1.jpg","contentUrl":"https:\/\/cerfo.net\/wp-content\/uploads\/2024\/11\/2021-fite-45x30-1.jpg","width":1272,"height":855},{"@type":"BreadcrumbList","@id":"https:\/\/cerfo.net\/index.php\/2024\/11\/07\/cerfo-obtiene-las-ayudas-para-proyectos-idi-en-la-provincia-de-teruel\/#breadcrumb","itemListElement":[{"@type":"ListItem","position":1,"name":"Portada","item":"https:\/\/cerfo.net\/"},{"@type":"ListItem","position":2,"name":"CERFO obtiene las ayudas para proyectos I+D+i en la provincia de Teruel"}]},{"@type":"WebSite","@id":"https:\/\/cerfo.net\/#website","url":"https:\/\/cerfo.net\/","name":"CERFO","description":"Reciclaje de Placas Fotovolt\u00e1icas","publisher":{"@id":"https:\/\/cerfo.net\/#organization"},"potentialAction":[{"@type":"SearchAction","target":{"@type":"EntryPoint","urlTemplate":"https:\/\/cerfo.net\/?s={search_term_string}"},"query-input":"required name=search_term_string"}],"inLanguage":"es"},{"@type":"Organization","@id":"https:\/\/cerfo.net\/#organization","name":"CERFO","url":"https:\/\/cerfo.net\/","logo":{"@type":"ImageObject","inLanguage":"es","@id":"https:\/\/cerfo.net\/#\/schema\/logo\/image\/","url":"http:\/\/cerfo.net\/wp-content\/uploads\/2024\/03\/Cerfo_Pantone_BASELINE_positivo.png","contentUrl":"http:\/\/cerfo.net\/wp-content\/uploads\/2024\/03\/Cerfo_Pantone_BASELINE_positivo.png","width":2186,"height":1205,"caption":"CERFO"},"image":{"@id":"https:\/\/cerfo.net\/#\/schema\/logo\/image\/"}},{"@type":"Person","@id":"https:\/\/cerfo.net\/#\/schema\/person\/7252adb3fbb05bdcca35a895f00b1a41","name":"admin","image":{"@type":"ImageObject","inLanguage":"es","@id":"https:\/\/cerfo.net\/#\/schema\/person\/image\/","url":"https:\/\/secure.gravatar.com\/avatar\/67c73d365f639f534625e3fa32f7d5f8a6532110e7a35736ac5a25f2129bbe6f?s=96&d=mm&r=g","contentUrl":"https:\/\/secure.gravatar.com\/avatar\/67c73d365f639f534625e3fa32f7d5f8a6532110e7a35736ac5a25f2129bbe6f?s=96&d=mm&r=g","caption":"admin"},"sameAs":["http:\/\/cerfo.net"],"url":"https:\/\/cerfo.net\/index.php\/author\/admin\/"}]}},"jetpack_featured_media_url":"https:\/\/cerfo.net\/wp-content\/uploads\/2024\/11\/2021-fite-45x30-1.jpg","_links":{"self":[{"href":"https:\/\/cerfo.net\/index.php\/wp-json\/wp\/v2\/posts\/1532","targetHints":{"allow":["GET"]}}],"collection":[{"href":"https:\/\/cerfo.net\/index.php\/wp-json\/wp\/v2\/posts"}],"about":[{"href":"https:\/\/cerfo.net\/index.php\/wp-json\/wp\/v2\/types\/post"}],"author":[{"embeddable":true,"href":"https:\/\/cerfo.net\/index.php\/wp-json\/wp\/v2\/users\/1"}],"replies":[{"embeddable":true,"href":"https:\/\/cerfo.net\/index.php\/wp-json\/wp\/v2\/comments?post=1532"}],"version-history":[{"count":1,"href":"https:\/\/cerfo.net\/index.php\/wp-json\/wp\/v2\/posts\/1532\/revisions"}],"predecessor-version":[{"id":1534,"href":"https:\/\/cerfo.net\/index.php\/wp-json\/wp\/v2\/posts\/1532\/revisions\/1534"}],"wp:featuredmedia":[{"embeddable":true,"href":"https:\/\/cerfo.net\/index.php\/wp-json\/wp\/v2\/media\/1533"}],"wp:attachment":[{"href":"https:\/\/cerfo.net\/index.php\/wp-json\/wp\/v2\/media?parent=1532"}],"wp:term":[{"taxonomy":"category","embeddable":true,"href":"https:\/\/cerfo.net\/index.php\/wp-json\/wp\/v2\/categories?post=1532"},{"taxonomy":"post_tag","embeddable":true,"href":"https:\/\/cerfo.net\/index.php\/wp-json\/wp\/v2\/tags?post=1532"}],"curies":[{"name":"wp","href":"https:\/\/api.w.org\/{rel}","templated":true}]}}