{"id":622,"date":"2022-06-29T10:24:49","date_gmt":"2022-06-29T08:24:49","guid":{"rendered":"https:\/\/cerfonet.wpcomstaging.com\/?p=622"},"modified":"2024-04-05T13:20:52","modified_gmt":"2024-04-05T13:20:52","slug":"ano-mayor-potencia-fotovoltaica-instalada","status":"publish","type":"post","link":"http:\/\/cerfo.net\/index.php\/2022\/06\/29\/ano-mayor-potencia-fotovoltaica-instalada\/","title":{"rendered":"El a\u00f1o de mayor potencia fotovoltaica\u00a0instalada\u00a0en Europa\u00a0"},"content":{"rendered":"\n<p class=\" eplus-wrapper\">2021 ha sido el a\u00f1o de mayor potencia fotovoltaica instalada en <strong>Europa<\/strong>. En concreto, 31,8 gigavatios, lo que supone un crecimiento del 33% con respecto al ejercicio anterior, seg\u00fan la patronal del sector, <a href=\"https:\/\/www.solarpowereurope.org\" target=\"_blank\" rel=\"noreferrer noopener\">SolarPowerEurope<\/a>.<\/p>\n\n\n\n<p class=\" eplus-wrapper\">En el a\u00f1o de mayor potencia fotovoltaica instalada en Europa, <strong>Espa\u00f1a ha sido y es una de las locomotoras solares<\/strong>. De este modo, lleva a\u00f1o y medio creciendo a raz\u00f3n de 250 megavatios al mes, seg\u00fan los datos de <a href=\"https:\/\/www.ree.es\/es\" target=\"_blank\" rel=\"noreferrer noopener\">Red El\u00e9ctrica.<\/a> <\/p>\n\n\n\n<p class=\" eplus-wrapper\">As\u00ed lo recoge un art\u00edculo de <a href=\"https:\/\/www.energias-renovables.com\/fotovoltaica\/europa-instalara-100-gigas-de-potencia-solar-20220621\" target=\"_blank\" rel=\"noreferrer noopener\">Energ\u00edas Renovables<\/a>, en el que tambi\u00e9n se habla de la, cada vez menor, dependencia del <strong>gas ruso<\/strong> y sus consecuencias. Consecuencias que han acelerado los procesos de transici\u00f3n energ\u00e9tica no solo en Espa\u00f1a, sino tambi\u00e9n en otras de las principales potencias, como Alemania. \u00abLa elevada dependencia alemana del gas ruso (o m\u00e1s bien la guerra) parece haber convencido al Gobierno socialista de Olaf Scholz de que conviene acelerar la <strong>transici\u00f3n energ\u00e9tica<\/strong> hacia un modelo <strong>100% renovable<\/strong>\u00ab. El Bundestag anunci\u00f3 el pasado 8 de abril que elevar\u00e1 su objetivo renovable para el mix el\u00e9ctrico 2030 del 65% acordado al 80%. Adem\u00e1s, adelante el 100% renovable para el a\u00f1o 2035. <\/p>\n\n\n\n<p class=\" eplus-wrapper\">La transici\u00f3n energ\u00e9tica es cada vez m\u00e1s palpable, a la par que m\u00e1s necesaria. Virar hacia un modelo de <a href=\"https:\/\/cerfonet.wpcomstaging.com\/que-hacemos-cerfo\/\" target=\"_blank\" rel=\"noreferrer noopener\">energ\u00eda limpia, innovadora y renovable<\/a> es imprescindible tanto para cuidar el planeta como para alcanzar la independencia energ\u00e9tica. <\/p>\n\n\n\n<p class=\" eplus-wrapper\"><\/p>\n","protected":false},"excerpt":{"rendered":"<p>2021 ha sido el a\u00f1o de mayor potencia fotovoltaica instalada en Europa, siendo Espa\u00f1a una de las locomotoras solares.<\/p>\n","protected":false},"author":2,"featured_media":631,"comment_status":"closed","ping_status":"open","sticky":false,"template":"","format":"standard","meta":{"footnotes":""},"categories":[3],"tags":[12,16],"class_list":["post-622","post","type-post","status-publish","format-standard","has-post-thumbnail","hentry","category-energias-renovables","tag-energia-fotovoltaica","tag-paneles-solares"],"yoast_head":"<!-- This site is optimized with the Yoast SEO plugin v22.9 - https:\/\/yoast.com\/wordpress\/plugins\/seo\/ -->\n<title>El a\u00f1o de mayor potencia fotovoltaica\u00a0instalada\u00a0en Europa\u00a0 - CERFO<\/title>\n<meta name=\"description\" content=\"2021 ha sido el a\u00f1o de mayor potencia fotovoltaica instalada en Europa, siendo Espa\u00f1a una de las locomotoras solares.\" \/>\n<meta name=\"robots\" content=\"index, follow, max-snippet:-1, max-image-preview:large, max-video-preview:-1\" \/>\n<link rel=\"canonical\" href=\"https:\/\/cerfo.net\/index.php\/2022\/06\/29\/ano-mayor-potencia-fotovoltaica-instalada\/\" \/>\n<meta property=\"og:locale\" content=\"es_ES\" \/>\n<meta property=\"og:type\" content=\"article\" \/>\n<meta property=\"og:title\" content=\"El a\u00f1o de mayor potencia fotovoltaica\u00a0instalada\u00a0en Europa\u00a0 - CERFO\" \/>\n<meta property=\"og:description\" content=\"2021 ha sido el a\u00f1o de mayor potencia fotovoltaica instalada en Europa, siendo Espa\u00f1a una de las locomotoras solares.\" \/>\n<meta property=\"og:url\" content=\"https:\/\/cerfo.net\/index.php\/2022\/06\/29\/ano-mayor-potencia-fotovoltaica-instalada\/\" \/>\n<meta property=\"og:site_name\" content=\"CERFO\" \/>\n<meta property=\"article:published_time\" content=\"2022-06-29T08:24:49+00:00\" \/>\n<meta property=\"article:modified_time\" content=\"2024-04-05T13:20:52+00:00\" \/>\n<meta property=\"og:image\" content=\"https:\/\/cerfo.net\/wp-content\/uploads\/2022\/06\/CERFO-1.png\" \/>\n\t<meta property=\"og:image:width\" content=\"1200\" \/>\n\t<meta property=\"og:image:height\" content=\"675\" \/>\n\t<meta property=\"og:image:type\" content=\"image\/png\" \/>\n<meta name=\"author\" content=\"cerfoibersyd\" \/>\n<meta name=\"twitter:card\" content=\"summary_large_image\" \/>\n<meta name=\"twitter:label1\" content=\"Escrito por\" \/>\n\t<meta name=\"twitter:data1\" content=\"cerfoibersyd\" \/>\n\t<meta name=\"twitter:label2\" content=\"Tiempo de lectura\" \/>\n\t<meta name=\"twitter:data2\" content=\"2 minutos\" \/>\n<script type=\"application\/ld+json\" class=\"yoast-schema-graph\">{\"@context\":\"https:\/\/schema.org\",\"@graph\":[{\"@type\":\"Article\",\"@id\":\"https:\/\/cerfo.net\/index.php\/2022\/06\/29\/ano-mayor-potencia-fotovoltaica-instalada\/#article\",\"isPartOf\":{\"@id\":\"https:\/\/cerfo.net\/index.php\/2022\/06\/29\/ano-mayor-potencia-fotovoltaica-instalada\/\"},\"author\":{\"name\":\"cerfoibersyd\",\"@id\":\"https:\/\/cerfo.net\/#\/schema\/person\/aca54c9da937ac3235050995dfa528cf\"},\"headline\":\"El a\u00f1o de mayor potencia fotovoltaica\u00a0instalada\u00a0en Europa\u00a0\",\"datePublished\":\"2022-06-29T08:24:49+00:00\",\"dateModified\":\"2024-04-05T13:20:52+00:00\",\"mainEntityOfPage\":{\"@id\":\"https:\/\/cerfo.net\/index.php\/2022\/06\/29\/ano-mayor-potencia-fotovoltaica-instalada\/\"},\"wordCount\":252,\"publisher\":{\"@id\":\"https:\/\/cerfo.net\/#organization\"},\"image\":{\"@id\":\"https:\/\/cerfo.net\/index.php\/2022\/06\/29\/ano-mayor-potencia-fotovoltaica-instalada\/#primaryimage\"},\"thumbnailUrl\":\"http:\/\/cerfo.net\/wp-content\/uploads\/2022\/06\/CERFO-1.png\",\"keywords\":[\"energ\u00eda fotovoltaica\",\"paneles solares\"],\"articleSection\":[\"Energ\u00edas Renovables\"],\"inLanguage\":\"es\"},{\"@type\":\"WebPage\",\"@id\":\"https:\/\/cerfo.net\/index.php\/2022\/06\/29\/ano-mayor-potencia-fotovoltaica-instalada\/\",\"url\":\"https:\/\/cerfo.net\/index.php\/2022\/06\/29\/ano-mayor-potencia-fotovoltaica-instalada\/\",\"name\":\"El a\u00f1o de mayor potencia fotovoltaica\u00a0instalada\u00a0en Europa\u00a0 - CERFO\",\"isPartOf\":{\"@id\":\"https:\/\/cerfo.net\/#website\"},\"primaryImageOfPage\":{\"@id\":\"https:\/\/cerfo.net\/index.php\/2022\/06\/29\/ano-mayor-potencia-fotovoltaica-instalada\/#primaryimage\"},\"image\":{\"@id\":\"https:\/\/cerfo.net\/index.php\/2022\/06\/29\/ano-mayor-potencia-fotovoltaica-instalada\/#primaryimage\"},\"thumbnailUrl\":\"http:\/\/cerfo.net\/wp-content\/uploads\/2022\/06\/CERFO-1.png\",\"datePublished\":\"2022-06-29T08:24:49+00:00\",\"dateModified\":\"2024-04-05T13:20:52+00:00\",\"description\":\"2021 ha sido el a\u00f1o de mayor potencia fotovoltaica instalada en Europa, siendo Espa\u00f1a una de las locomotoras solares.\",\"breadcrumb\":{\"@id\":\"https:\/\/cerfo.net\/index.php\/2022\/06\/29\/ano-mayor-potencia-fotovoltaica-instalada\/#breadcrumb\"},\"inLanguage\":\"es\",\"potentialAction\":[{\"@type\":\"ReadAction\",\"target\":[\"https:\/\/cerfo.net\/index.php\/2022\/06\/29\/ano-mayor-potencia-fotovoltaica-instalada\/\"]}]},{\"@type\":\"ImageObject\",\"inLanguage\":\"es\",\"@id\":\"https:\/\/cerfo.net\/index.php\/2022\/06\/29\/ano-mayor-potencia-fotovoltaica-instalada\/#primaryimage\",\"url\":\"http:\/\/cerfo.net\/wp-content\/uploads\/2022\/06\/CERFO-1.png\",\"contentUrl\":\"http:\/\/cerfo.net\/wp-content\/uploads\/2022\/06\/CERFO-1.png\",\"width\":1200,\"height\":675,\"caption\":\"Imagen de placas solares\"},{\"@type\":\"BreadcrumbList\",\"@id\":\"https:\/\/cerfo.net\/index.php\/2022\/06\/29\/ano-mayor-potencia-fotovoltaica-instalada\/#breadcrumb\",\"itemListElement\":[{\"@type\":\"ListItem\",\"position\":1,\"name\":\"Portada\",\"item\":\"https:\/\/cerfo.net\/\"},{\"@type\":\"ListItem\",\"position\":2,\"name\":\"El a\u00f1o de mayor potencia fotovoltaica\u00a0instalada\u00a0en Europa\u00a0\"}]},{\"@type\":\"WebSite\",\"@id\":\"https:\/\/cerfo.net\/#website\",\"url\":\"https:\/\/cerfo.net\/\",\"name\":\"CERFO\",\"description\":\"Reciclaje de Placas Fotovolt\u00e1icas\",\"publisher\":{\"@id\":\"https:\/\/cerfo.net\/#organization\"},\"potentialAction\":[{\"@type\":\"SearchAction\",\"target\":{\"@type\":\"EntryPoint\",\"urlTemplate\":\"https:\/\/cerfo.net\/?s={search_term_string}\"},\"query-input\":\"required name=search_term_string\"}],\"inLanguage\":\"es\"},{\"@type\":\"Organization\",\"@id\":\"https:\/\/cerfo.net\/#organization\",\"name\":\"CERFO\",\"url\":\"https:\/\/cerfo.net\/\",\"logo\":{\"@type\":\"ImageObject\",\"inLanguage\":\"es\",\"@id\":\"https:\/\/cerfo.net\/#\/schema\/logo\/image\/\",\"url\":\"http:\/\/cerfo.net\/wp-content\/uploads\/2024\/03\/Cerfo_Pantone_BASELINE_positivo.png\",\"contentUrl\":\"http:\/\/cerfo.net\/wp-content\/uploads\/2024\/03\/Cerfo_Pantone_BASELINE_positivo.png\",\"width\":2186,\"height\":1205,\"caption\":\"CERFO\"},\"image\":{\"@id\":\"https:\/\/cerfo.net\/#\/schema\/logo\/image\/\"}},{\"@type\":\"Person\",\"@id\":\"https:\/\/cerfo.net\/#\/schema\/person\/aca54c9da937ac3235050995dfa528cf\",\"name\":\"cerfoibersyd\",\"image\":{\"@type\":\"ImageObject\",\"inLanguage\":\"es\",\"@id\":\"https:\/\/cerfo.net\/#\/schema\/person\/image\/\",\"url\":\"https:\/\/secure.gravatar.com\/avatar\/67c73d365f639f534625e3fa32f7d5f8a6532110e7a35736ac5a25f2129bbe6f?s=96&d=mm&r=g\",\"contentUrl\":\"https:\/\/secure.gravatar.com\/avatar\/67c73d365f639f534625e3fa32f7d5f8a6532110e7a35736ac5a25f2129bbe6f?s=96&d=mm&r=g\",\"caption\":\"cerfoibersyd\"},\"url\":\"http:\/\/cerfo.net\/index.php\/author\/cerfoibersyd\/\"}]}<\/script>\n<!-- \/ Yoast SEO plugin. -->","yoast_head_json":{"title":"El a\u00f1o de mayor potencia fotovoltaica\u00a0instalada\u00a0en Europa\u00a0 - CERFO","description":"2021 ha sido el a\u00f1o de mayor potencia fotovoltaica instalada en Europa, siendo Espa\u00f1a una de las locomotoras solares.","robots":{"index":"index","follow":"follow","max-snippet":"max-snippet:-1","max-image-preview":"max-image-preview:large","max-video-preview":"max-video-preview:-1"},"canonical":"https:\/\/cerfo.net\/index.php\/2022\/06\/29\/ano-mayor-potencia-fotovoltaica-instalada\/","og_locale":"es_ES","og_type":"article","og_title":"El a\u00f1o de mayor potencia fotovoltaica\u00a0instalada\u00a0en Europa\u00a0 - CERFO","og_description":"2021 ha sido el a\u00f1o de mayor potencia fotovoltaica instalada en Europa, siendo Espa\u00f1a una de las locomotoras solares.","og_url":"https:\/\/cerfo.net\/index.php\/2022\/06\/29\/ano-mayor-potencia-fotovoltaica-instalada\/","og_site_name":"CERFO","article_published_time":"2022-06-29T08:24:49+00:00","article_modified_time":"2024-04-05T13:20:52+00:00","og_image":[{"width":1200,"height":675,"url":"https:\/\/cerfo.net\/wp-content\/uploads\/2022\/06\/CERFO-1.png","type":"image\/png"}],"author":"cerfoibersyd","twitter_card":"summary_large_image","twitter_misc":{"Escrito por":"cerfoibersyd","Tiempo de lectura":"2 minutos"},"schema":{"@context":"https:\/\/schema.org","@graph":[{"@type":"Article","@id":"https:\/\/cerfo.net\/index.php\/2022\/06\/29\/ano-mayor-potencia-fotovoltaica-instalada\/#article","isPartOf":{"@id":"https:\/\/cerfo.net\/index.php\/2022\/06\/29\/ano-mayor-potencia-fotovoltaica-instalada\/"},"author":{"name":"cerfoibersyd","@id":"https:\/\/cerfo.net\/#\/schema\/person\/aca54c9da937ac3235050995dfa528cf"},"headline":"El a\u00f1o de mayor potencia fotovoltaica\u00a0instalada\u00a0en Europa\u00a0","datePublished":"2022-06-29T08:24:49+00:00","dateModified":"2024-04-05T13:20:52+00:00","mainEntityOfPage":{"@id":"https:\/\/cerfo.net\/index.php\/2022\/06\/29\/ano-mayor-potencia-fotovoltaica-instalada\/"},"wordCount":252,"publisher":{"@id":"https:\/\/cerfo.net\/#organization"},"image":{"@id":"https:\/\/cerfo.net\/index.php\/2022\/06\/29\/ano-mayor-potencia-fotovoltaica-instalada\/#primaryimage"},"thumbnailUrl":"http:\/\/cerfo.net\/wp-content\/uploads\/2022\/06\/CERFO-1.png","keywords":["energ\u00eda fotovoltaica","paneles solares"],"articleSection":["Energ\u00edas Renovables"],"inLanguage":"es"},{"@type":"WebPage","@id":"https:\/\/cerfo.net\/index.php\/2022\/06\/29\/ano-mayor-potencia-fotovoltaica-instalada\/","url":"https:\/\/cerfo.net\/index.php\/2022\/06\/29\/ano-mayor-potencia-fotovoltaica-instalada\/","name":"El a\u00f1o de mayor potencia fotovoltaica\u00a0instalada\u00a0en Europa\u00a0 - CERFO","isPartOf":{"@id":"https:\/\/cerfo.net\/#website"},"primaryImageOfPage":{"@id":"https:\/\/cerfo.net\/index.php\/2022\/06\/29\/ano-mayor-potencia-fotovoltaica-instalada\/#primaryimage"},"image":{"@id":"https:\/\/cerfo.net\/index.php\/2022\/06\/29\/ano-mayor-potencia-fotovoltaica-instalada\/#primaryimage"},"thumbnailUrl":"http:\/\/cerfo.net\/wp-content\/uploads\/2022\/06\/CERFO-1.png","datePublished":"2022-06-29T08:24:49+00:00","dateModified":"2024-04-05T13:20:52+00:00","description":"2021 ha sido el a\u00f1o de mayor potencia fotovoltaica instalada en Europa, siendo Espa\u00f1a una de las locomotoras solares.","breadcrumb":{"@id":"https:\/\/cerfo.net\/index.php\/2022\/06\/29\/ano-mayor-potencia-fotovoltaica-instalada\/#breadcrumb"},"inLanguage":"es","potentialAction":[{"@type":"ReadAction","target":["https:\/\/cerfo.net\/index.php\/2022\/06\/29\/ano-mayor-potencia-fotovoltaica-instalada\/"]}]},{"@type":"ImageObject","inLanguage":"es","@id":"https:\/\/cerfo.net\/index.php\/2022\/06\/29\/ano-mayor-potencia-fotovoltaica-instalada\/#primaryimage","url":"http:\/\/cerfo.net\/wp-content\/uploads\/2022\/06\/CERFO-1.png","contentUrl":"http:\/\/cerfo.net\/wp-content\/uploads\/2022\/06\/CERFO-1.png","width":1200,"height":675,"caption":"Imagen de placas solares"},{"@type":"BreadcrumbList","@id":"https:\/\/cerfo.net\/index.php\/2022\/06\/29\/ano-mayor-potencia-fotovoltaica-instalada\/#breadcrumb","itemListElement":[{"@type":"ListItem","position":1,"name":"Portada","item":"https:\/\/cerfo.net\/"},{"@type":"ListItem","position":2,"name":"El a\u00f1o de mayor potencia fotovoltaica\u00a0instalada\u00a0en Europa\u00a0"}]},{"@type":"WebSite","@id":"https:\/\/cerfo.net\/#website","url":"https:\/\/cerfo.net\/","name":"CERFO","description":"Reciclaje de Placas Fotovolt\u00e1icas","publisher":{"@id":"https:\/\/cerfo.net\/#organization"},"potentialAction":[{"@type":"SearchAction","target":{"@type":"EntryPoint","urlTemplate":"https:\/\/cerfo.net\/?s={search_term_string}"},"query-input":"required name=search_term_string"}],"inLanguage":"es"},{"@type":"Organization","@id":"https:\/\/cerfo.net\/#organization","name":"CERFO","url":"https:\/\/cerfo.net\/","logo":{"@type":"ImageObject","inLanguage":"es","@id":"https:\/\/cerfo.net\/#\/schema\/logo\/image\/","url":"http:\/\/cerfo.net\/wp-content\/uploads\/2024\/03\/Cerfo_Pantone_BASELINE_positivo.png","contentUrl":"http:\/\/cerfo.net\/wp-content\/uploads\/2024\/03\/Cerfo_Pantone_BASELINE_positivo.png","width":2186,"height":1205,"caption":"CERFO"},"image":{"@id":"https:\/\/cerfo.net\/#\/schema\/logo\/image\/"}},{"@type":"Person","@id":"https:\/\/cerfo.net\/#\/schema\/person\/aca54c9da937ac3235050995dfa528cf","name":"cerfoibersyd","image":{"@type":"ImageObject","inLanguage":"es","@id":"https:\/\/cerfo.net\/#\/schema\/person\/image\/","url":"https:\/\/secure.gravatar.com\/avatar\/67c73d365f639f534625e3fa32f7d5f8a6532110e7a35736ac5a25f2129bbe6f?s=96&d=mm&r=g","contentUrl":"https:\/\/secure.gravatar.com\/avatar\/67c73d365f639f534625e3fa32f7d5f8a6532110e7a35736ac5a25f2129bbe6f?s=96&d=mm&r=g","caption":"cerfoibersyd"},"url":"http:\/\/cerfo.net\/index.php\/author\/cerfoibersyd\/"}]}},"jetpack_featured_media_url":"http:\/\/cerfo.net\/wp-content\/uploads\/2022\/06\/CERFO-1.png","_links":{"self":[{"href":"http:\/\/cerfo.net\/index.php\/wp-json\/wp\/v2\/posts\/622","targetHints":{"allow":["GET"]}}],"collection":[{"href":"http:\/\/cerfo.net\/index.php\/wp-json\/wp\/v2\/posts"}],"about":[{"href":"http:\/\/cerfo.net\/index.php\/wp-json\/wp\/v2\/types\/post"}],"author":[{"embeddable":true,"href":"http:\/\/cerfo.net\/index.php\/wp-json\/wp\/v2\/users\/2"}],"replies":[{"embeddable":true,"href":"http:\/\/cerfo.net\/index.php\/wp-json\/wp\/v2\/comments?post=622"}],"version-history":[{"count":1,"href":"http:\/\/cerfo.net\/index.php\/wp-json\/wp\/v2\/posts\/622\/revisions"}],"predecessor-version":[{"id":1474,"href":"http:\/\/cerfo.net\/index.php\/wp-json\/wp\/v2\/posts\/622\/revisions\/1474"}],"wp:featuredmedia":[{"embeddable":true,"href":"http:\/\/cerfo.net\/index.php\/wp-json\/wp\/v2\/media\/631"}],"wp:attachment":[{"href":"http:\/\/cerfo.net\/index.php\/wp-json\/wp\/v2\/media?parent=622"}],"wp:term":[{"taxonomy":"category","embeddable":true,"href":"http:\/\/cerfo.net\/index.php\/wp-json\/wp\/v2\/categories?post=622"},{"taxonomy":"post_tag","embeddable":true,"href":"http:\/\/cerfo.net\/index.php\/wp-json\/wp\/v2\/tags?post=622"}],"curies":[{"name":"wp","href":"https:\/\/api.w.org\/{rel}","templated":true}]}}