{"id":1245,"date":"2023-03-22T16:17:04","date_gmt":"2023-03-22T16:17:04","guid":{"rendered":"https:\/\/cerfo.net\/?p=1245"},"modified":"2024-04-05T13:20:53","modified_gmt":"2024-04-05T13:20:53","slug":"el-gobierno-de-aragon-declara-cerfo-inversion-de-interes-autonomico","status":"publish","type":"post","link":"http:\/\/cerfo.net\/index.php\/2023\/03\/22\/el-gobierno-de-aragon-declara-cerfo-inversion-de-interes-autonomico\/","title":{"rendered":"El Gobierno de Arag\u00f3n declara CERFO inversi\u00f3n de inter\u00e9s auton\u00f3mico\u00a0"},"content":{"rendered":"\n<p>El&nbsp;<a href=\"https:\/\/www.aragon.es\/\" target=\"_blank\" rel=\"noreferrer noopener\"><strong>Gobierno de Arag\u00f3n<\/strong><\/a>&nbsp;declara&nbsp;<a href=\"https:\/\/cerfo.net\/\" target=\"_blank\" rel=\"noreferrer noopener\">CERFO<\/a>&nbsp;<strong>inversi\u00f3n de inter\u00e9s auton\u00f3mico<\/strong>, en su reuni\u00f3n del Consejo de Gobierno de hoy mi\u00e9rcoles 22 de marzo. Esta declaraci\u00f3n&nbsp;<strong>permitir\u00e1 reducir los plazos de las distintas tramitaciones administrativas<\/strong>.<\/p>\n\n\n\n<p>CERFO se ubicar\u00e1 en el pol\u00edgono industrial San Crist\u00f3bal, en el municipio de Albalate del Arzobispo (Teruel) y ser\u00e1 una&nbsp;<strong>instalaci\u00f3n pionera en econom\u00eda circular fotovoltaica<\/strong>. La instalaci\u00f3n de la planta piloto implica una inversi\u00f3n inicial de 2,5 millones de euros, y la creaci\u00f3n de entre 12 y 15 empleos directos. CERFO es una iniciativa de la consultora aragonesa de sostenibilidad social y ambiental \u00cdber Sostenibilidad y Desarrollo (<a href=\"https:\/\/www.ibersyd.com\/\" target=\"_blank\" rel=\"noreferrer noopener\">IBERSYD<\/a>), que<strong>&nbsp;prev\u00e9 impulsar instalaciones similares en varios puntos del pa\u00eds para el reciclaje de paneles solares fotovoltaicos<\/strong>.&nbsp;<\/p>\n\n\n\n<p>CERFO cuenta con un centro de trabajo ubicado en el&nbsp;Centro de Emprendimiento del Instituto Aragon\u00e9s de Fomento en Andorra (Teruel), como compromiso de su inter\u00e9s en desarrollar el primer proyecto industrial en los municipios incluidos en el Convenio de Transici\u00f3n Justa de Arag\u00f3n.&nbsp;<\/p>\n\n\n\n<p>En este marco, CERFO est\u00e1 realizando desde 2021 un&nbsp;<strong>proyecto de investigaci\u00f3n en colaboraci\u00f3n con el centro tecnol\u00f3gico CIRCE llamado Si\u2013RECYCLE<\/strong>, que&nbsp;ha recibido una subvenci\u00f3n para la innovaci\u00f3n industrial por parte del Departamento de Econom\u00eda, Planificaci\u00f3n y Empleo del Gobierno de Arag\u00f3n.&nbsp;<\/p>\n\n\n\n<p>El proyecto se centra en la b\u00fasqueda de una tecnolog\u00eda que permita&nbsp;<strong>optimizar la valorizaci\u00f3n de los materiales que se obtengan en el proceso de reciclaje de los m\u00f3dulos solares,<\/strong>&nbsp;para posteriormente hacer un escalado industrial y poder aplicar la circularidad a una de las energ\u00edas renovables con mayor relevancia en el sector energ\u00e9tico. CERFO tambi\u00e9n est\u00e1 inmerso en dos proyectos europeos (Resource y Horizon) para la optimizaci\u00f3n del proceso de gesti\u00f3n de los subproductos fotovoltaicos.<\/p>\n\n\n\n<h2 class=\"wp-block-heading\"><strong>Premio UNEF a la Start Up Solar<\/strong><\/h2>\n\n\n\n<p>La&nbsp;<a href=\"https:\/\/www.unef.es\/\" target=\"_blank\" rel=\"noreferrer noopener\">Uni\u00f3n Espa\u00f1ola Fotovoltaica (UNEF)<\/a>&nbsp;otorg\u00f3 a CERFO el premio nacional \u201c<strong>Start Up Solar<\/strong>\u201d 2022. CERFO cuenta con el&nbsp;<strong>Sello Arag\u00f3n Circular<\/strong>, que concede el Gobierno de Arag\u00f3n para promover la transici\u00f3n de la sociedad aragonesa hacia la econom\u00eda circular, apoyando a empresas en su evoluci\u00f3n hacia una gesti\u00f3n excelente, innovadora, sostenible y circular.<\/p>\n\n\n\n<p>IBERSYD ha participado hasta la fecha en un millar de proyectos de energ\u00edas renovables y econom\u00eda circular, estudios sociales, ambientales, de patrimonio, auditor\u00edas, etc\u00e9tera.&nbsp;<\/p>\n","protected":false},"excerpt":{"rendered":"<p>El&nbsp;Gobierno de Arag\u00f3n&nbsp;declara&nbsp;CERFO&nbsp;inversi\u00f3n de inter\u00e9s auton\u00f3mico, en su reuni\u00f3n del Consejo de Gobierno de hoy mi\u00e9rcoles 22 de marzo. Esta declaraci\u00f3n&nbsp;permitir\u00e1 reducir los plazos de las distintas tramitaciones administrativas. CERFO se ubicar\u00e1 en el pol\u00edgono industrial San Crist\u00f3bal, en el municipio de Albalate del Arzobispo (Teruel) y ser\u00e1 una&nbsp;instalaci\u00f3n pionera en econom\u00eda circular fotovoltaica. La [&hellip;]<\/p>\n","protected":false},"author":2,"featured_media":1246,"comment_status":"closed","ping_status":"open","sticky":false,"template":"","format":"standard","meta":{"footnotes":""},"categories":[1],"tags":[],"class_list":["post-1245","post","type-post","status-publish","format-standard","has-post-thumbnail","hentry","category-uncategorized"],"yoast_head":"<!-- This site is optimized with the Yoast SEO plugin v22.9 - https:\/\/yoast.com\/wordpress\/plugins\/seo\/ -->\n<title>El Gobierno de Arag\u00f3n declara CERFO inversi\u00f3n de inter\u00e9s auton\u00f3mico\u00a0 - CERFO<\/title>\n<meta name=\"robots\" content=\"index, follow, max-snippet:-1, max-image-preview:large, max-video-preview:-1\" \/>\n<link rel=\"canonical\" href=\"https:\/\/cerfo.net\/index.php\/2023\/03\/22\/el-gobierno-de-aragon-declara-cerfo-inversion-de-interes-autonomico\/\" \/>\n<meta property=\"og:locale\" content=\"es_ES\" \/>\n<meta property=\"og:type\" content=\"article\" \/>\n<meta property=\"og:title\" content=\"El Gobierno de Arag\u00f3n declara CERFO inversi\u00f3n de inter\u00e9s auton\u00f3mico\u00a0 - CERFO\" \/>\n<meta property=\"og:description\" content=\"El&nbsp;Gobierno de Arag\u00f3n&nbsp;declara&nbsp;CERFO&nbsp;inversi\u00f3n de inter\u00e9s auton\u00f3mico, en su reuni\u00f3n del Consejo de Gobierno de hoy mi\u00e9rcoles 22 de marzo. Esta declaraci\u00f3n&nbsp;permitir\u00e1 reducir los plazos de las distintas tramitaciones administrativas. CERFO se ubicar\u00e1 en el pol\u00edgono industrial San Crist\u00f3bal, en el municipio de Albalate del Arzobispo (Teruel) y ser\u00e1 una&nbsp;instalaci\u00f3n pionera en econom\u00eda circular fotovoltaica. La [&hellip;]\" \/>\n<meta property=\"og:url\" content=\"https:\/\/cerfo.net\/index.php\/2023\/03\/22\/el-gobierno-de-aragon-declara-cerfo-inversion-de-interes-autonomico\/\" \/>\n<meta property=\"og:site_name\" content=\"CERFO\" \/>\n<meta property=\"article:published_time\" content=\"2023-03-22T16:17:04+00:00\" \/>\n<meta property=\"article:modified_time\" content=\"2024-04-05T13:20:53+00:00\" \/>\n<meta property=\"og:image\" content=\"https:\/\/cerfo.net\/wp-content\/uploads\/2023\/03\/CERFO-1024x512.png\" \/>\n\t<meta property=\"og:image:width\" content=\"1024\" \/>\n\t<meta property=\"og:image:height\" content=\"512\" \/>\n\t<meta property=\"og:image:type\" content=\"image\/png\" \/>\n<meta name=\"author\" content=\"cerfoibersyd\" \/>\n<meta name=\"twitter:card\" content=\"summary_large_image\" \/>\n<meta name=\"twitter:label1\" content=\"Escrito por\" \/>\n\t<meta name=\"twitter:data1\" content=\"cerfoibersyd\" \/>\n\t<meta name=\"twitter:label2\" content=\"Tiempo de lectura\" \/>\n\t<meta name=\"twitter:data2\" content=\"2 minutos\" \/>\n<script type=\"application\/ld+json\" class=\"yoast-schema-graph\">{\"@context\":\"https:\/\/schema.org\",\"@graph\":[{\"@type\":\"Article\",\"@id\":\"https:\/\/cerfo.net\/index.php\/2023\/03\/22\/el-gobierno-de-aragon-declara-cerfo-inversion-de-interes-autonomico\/#article\",\"isPartOf\":{\"@id\":\"https:\/\/cerfo.net\/index.php\/2023\/03\/22\/el-gobierno-de-aragon-declara-cerfo-inversion-de-interes-autonomico\/\"},\"author\":{\"name\":\"cerfoibersyd\",\"@id\":\"https:\/\/cerfo.net\/#\/schema\/person\/aca54c9da937ac3235050995dfa528cf\"},\"headline\":\"El Gobierno de Arag\u00f3n declara CERFO inversi\u00f3n de inter\u00e9s auton\u00f3mico\u00a0\",\"datePublished\":\"2023-03-22T16:17:04+00:00\",\"dateModified\":\"2024-04-05T13:20:53+00:00\",\"mainEntityOfPage\":{\"@id\":\"https:\/\/cerfo.net\/index.php\/2023\/03\/22\/el-gobierno-de-aragon-declara-cerfo-inversion-de-interes-autonomico\/\"},\"wordCount\":444,\"publisher\":{\"@id\":\"https:\/\/cerfo.net\/#organization\"},\"image\":{\"@id\":\"https:\/\/cerfo.net\/index.php\/2023\/03\/22\/el-gobierno-de-aragon-declara-cerfo-inversion-de-interes-autonomico\/#primaryimage\"},\"thumbnailUrl\":\"http:\/\/cerfo.net\/wp-content\/uploads\/2023\/03\/CERFO.png\",\"articleSection\":[\"Uncategorized\"],\"inLanguage\":\"es\"},{\"@type\":\"WebPage\",\"@id\":\"https:\/\/cerfo.net\/index.php\/2023\/03\/22\/el-gobierno-de-aragon-declara-cerfo-inversion-de-interes-autonomico\/\",\"url\":\"https:\/\/cerfo.net\/index.php\/2023\/03\/22\/el-gobierno-de-aragon-declara-cerfo-inversion-de-interes-autonomico\/\",\"name\":\"El Gobierno de Arag\u00f3n declara CERFO inversi\u00f3n de inter\u00e9s auton\u00f3mico\u00a0 - CERFO\",\"isPartOf\":{\"@id\":\"https:\/\/cerfo.net\/#website\"},\"primaryImageOfPage\":{\"@id\":\"https:\/\/cerfo.net\/index.php\/2023\/03\/22\/el-gobierno-de-aragon-declara-cerfo-inversion-de-interes-autonomico\/#primaryimage\"},\"image\":{\"@id\":\"https:\/\/cerfo.net\/index.php\/2023\/03\/22\/el-gobierno-de-aragon-declara-cerfo-inversion-de-interes-autonomico\/#primaryimage\"},\"thumbnailUrl\":\"http:\/\/cerfo.net\/wp-content\/uploads\/2023\/03\/CERFO.png\",\"datePublished\":\"2023-03-22T16:17:04+00:00\",\"dateModified\":\"2024-04-05T13:20:53+00:00\",\"breadcrumb\":{\"@id\":\"https:\/\/cerfo.net\/index.php\/2023\/03\/22\/el-gobierno-de-aragon-declara-cerfo-inversion-de-interes-autonomico\/#breadcrumb\"},\"inLanguage\":\"es\",\"potentialAction\":[{\"@type\":\"ReadAction\",\"target\":[\"https:\/\/cerfo.net\/index.php\/2023\/03\/22\/el-gobierno-de-aragon-declara-cerfo-inversion-de-interes-autonomico\/\"]}]},{\"@type\":\"ImageObject\",\"inLanguage\":\"es\",\"@id\":\"https:\/\/cerfo.net\/index.php\/2023\/03\/22\/el-gobierno-de-aragon-declara-cerfo-inversion-de-interes-autonomico\/#primaryimage\",\"url\":\"http:\/\/cerfo.net\/wp-content\/uploads\/2023\/03\/CERFO.png\",\"contentUrl\":\"http:\/\/cerfo.net\/wp-content\/uploads\/2023\/03\/CERFO.png\",\"width\":2176,\"height\":1088,\"caption\":\"El Gobierno de Arag\u00f3n sobre CERFO\"},{\"@type\":\"BreadcrumbList\",\"@id\":\"https:\/\/cerfo.net\/index.php\/2023\/03\/22\/el-gobierno-de-aragon-declara-cerfo-inversion-de-interes-autonomico\/#breadcrumb\",\"itemListElement\":[{\"@type\":\"ListItem\",\"position\":1,\"name\":\"Portada\",\"item\":\"https:\/\/cerfo.net\/\"},{\"@type\":\"ListItem\",\"position\":2,\"name\":\"El Gobierno de Arag\u00f3n declara CERFO inversi\u00f3n de inter\u00e9s auton\u00f3mico\u00a0\"}]},{\"@type\":\"WebSite\",\"@id\":\"https:\/\/cerfo.net\/#website\",\"url\":\"https:\/\/cerfo.net\/\",\"name\":\"CERFO\",\"description\":\"Reciclaje de Placas Fotovolt\u00e1icas\",\"publisher\":{\"@id\":\"https:\/\/cerfo.net\/#organization\"},\"potentialAction\":[{\"@type\":\"SearchAction\",\"target\":{\"@type\":\"EntryPoint\",\"urlTemplate\":\"https:\/\/cerfo.net\/?s={search_term_string}\"},\"query-input\":\"required name=search_term_string\"}],\"inLanguage\":\"es\"},{\"@type\":\"Organization\",\"@id\":\"https:\/\/cerfo.net\/#organization\",\"name\":\"CERFO\",\"url\":\"https:\/\/cerfo.net\/\",\"logo\":{\"@type\":\"ImageObject\",\"inLanguage\":\"es\",\"@id\":\"https:\/\/cerfo.net\/#\/schema\/logo\/image\/\",\"url\":\"http:\/\/cerfo.net\/wp-content\/uploads\/2024\/03\/Cerfo_Pantone_BASELINE_positivo.png\",\"contentUrl\":\"http:\/\/cerfo.net\/wp-content\/uploads\/2024\/03\/Cerfo_Pantone_BASELINE_positivo.png\",\"width\":2186,\"height\":1205,\"caption\":\"CERFO\"},\"image\":{\"@id\":\"https:\/\/cerfo.net\/#\/schema\/logo\/image\/\"}},{\"@type\":\"Person\",\"@id\":\"https:\/\/cerfo.net\/#\/schema\/person\/aca54c9da937ac3235050995dfa528cf\",\"name\":\"cerfoibersyd\",\"image\":{\"@type\":\"ImageObject\",\"inLanguage\":\"es\",\"@id\":\"https:\/\/cerfo.net\/#\/schema\/person\/image\/\",\"url\":\"https:\/\/secure.gravatar.com\/avatar\/67c73d365f639f534625e3fa32f7d5f8a6532110e7a35736ac5a25f2129bbe6f?s=96&d=mm&r=g\",\"contentUrl\":\"https:\/\/secure.gravatar.com\/avatar\/67c73d365f639f534625e3fa32f7d5f8a6532110e7a35736ac5a25f2129bbe6f?s=96&d=mm&r=g\",\"caption\":\"cerfoibersyd\"},\"url\":\"http:\/\/cerfo.net\/index.php\/author\/cerfoibersyd\/\"}]}<\/script>\n<!-- \/ Yoast SEO plugin. -->","yoast_head_json":{"title":"El Gobierno de Arag\u00f3n declara CERFO inversi\u00f3n de inter\u00e9s auton\u00f3mico\u00a0 - CERFO","robots":{"index":"index","follow":"follow","max-snippet":"max-snippet:-1","max-image-preview":"max-image-preview:large","max-video-preview":"max-video-preview:-1"},"canonical":"https:\/\/cerfo.net\/index.php\/2023\/03\/22\/el-gobierno-de-aragon-declara-cerfo-inversion-de-interes-autonomico\/","og_locale":"es_ES","og_type":"article","og_title":"El Gobierno de Arag\u00f3n declara CERFO inversi\u00f3n de inter\u00e9s auton\u00f3mico\u00a0 - CERFO","og_description":"El&nbsp;Gobierno de Arag\u00f3n&nbsp;declara&nbsp;CERFO&nbsp;inversi\u00f3n de inter\u00e9s auton\u00f3mico, en su reuni\u00f3n del Consejo de Gobierno de hoy mi\u00e9rcoles 22 de marzo. Esta declaraci\u00f3n&nbsp;permitir\u00e1 reducir los plazos de las distintas tramitaciones administrativas. CERFO se ubicar\u00e1 en el pol\u00edgono industrial San Crist\u00f3bal, en el municipio de Albalate del Arzobispo (Teruel) y ser\u00e1 una&nbsp;instalaci\u00f3n pionera en econom\u00eda circular fotovoltaica. La [&hellip;]","og_url":"https:\/\/cerfo.net\/index.php\/2023\/03\/22\/el-gobierno-de-aragon-declara-cerfo-inversion-de-interes-autonomico\/","og_site_name":"CERFO","article_published_time":"2023-03-22T16:17:04+00:00","article_modified_time":"2024-04-05T13:20:53+00:00","og_image":[{"width":1024,"height":512,"url":"https:\/\/cerfo.net\/wp-content\/uploads\/2023\/03\/CERFO-1024x512.png","type":"image\/png"}],"author":"cerfoibersyd","twitter_card":"summary_large_image","twitter_misc":{"Escrito por":"cerfoibersyd","Tiempo de lectura":"2 minutos"},"schema":{"@context":"https:\/\/schema.org","@graph":[{"@type":"Article","@id":"https:\/\/cerfo.net\/index.php\/2023\/03\/22\/el-gobierno-de-aragon-declara-cerfo-inversion-de-interes-autonomico\/#article","isPartOf":{"@id":"https:\/\/cerfo.net\/index.php\/2023\/03\/22\/el-gobierno-de-aragon-declara-cerfo-inversion-de-interes-autonomico\/"},"author":{"name":"cerfoibersyd","@id":"https:\/\/cerfo.net\/#\/schema\/person\/aca54c9da937ac3235050995dfa528cf"},"headline":"El Gobierno de Arag\u00f3n declara CERFO inversi\u00f3n de inter\u00e9s auton\u00f3mico\u00a0","datePublished":"2023-03-22T16:17:04+00:00","dateModified":"2024-04-05T13:20:53+00:00","mainEntityOfPage":{"@id":"https:\/\/cerfo.net\/index.php\/2023\/03\/22\/el-gobierno-de-aragon-declara-cerfo-inversion-de-interes-autonomico\/"},"wordCount":444,"publisher":{"@id":"https:\/\/cerfo.net\/#organization"},"image":{"@id":"https:\/\/cerfo.net\/index.php\/2023\/03\/22\/el-gobierno-de-aragon-declara-cerfo-inversion-de-interes-autonomico\/#primaryimage"},"thumbnailUrl":"http:\/\/cerfo.net\/wp-content\/uploads\/2023\/03\/CERFO.png","articleSection":["Uncategorized"],"inLanguage":"es"},{"@type":"WebPage","@id":"https:\/\/cerfo.net\/index.php\/2023\/03\/22\/el-gobierno-de-aragon-declara-cerfo-inversion-de-interes-autonomico\/","url":"https:\/\/cerfo.net\/index.php\/2023\/03\/22\/el-gobierno-de-aragon-declara-cerfo-inversion-de-interes-autonomico\/","name":"El Gobierno de Arag\u00f3n declara CERFO inversi\u00f3n de inter\u00e9s auton\u00f3mico\u00a0 - CERFO","isPartOf":{"@id":"https:\/\/cerfo.net\/#website"},"primaryImageOfPage":{"@id":"https:\/\/cerfo.net\/index.php\/2023\/03\/22\/el-gobierno-de-aragon-declara-cerfo-inversion-de-interes-autonomico\/#primaryimage"},"image":{"@id":"https:\/\/cerfo.net\/index.php\/2023\/03\/22\/el-gobierno-de-aragon-declara-cerfo-inversion-de-interes-autonomico\/#primaryimage"},"thumbnailUrl":"http:\/\/cerfo.net\/wp-content\/uploads\/2023\/03\/CERFO.png","datePublished":"2023-03-22T16:17:04+00:00","dateModified":"2024-04-05T13:20:53+00:00","breadcrumb":{"@id":"https:\/\/cerfo.net\/index.php\/2023\/03\/22\/el-gobierno-de-aragon-declara-cerfo-inversion-de-interes-autonomico\/#breadcrumb"},"inLanguage":"es","potentialAction":[{"@type":"ReadAction","target":["https:\/\/cerfo.net\/index.php\/2023\/03\/22\/el-gobierno-de-aragon-declara-cerfo-inversion-de-interes-autonomico\/"]}]},{"@type":"ImageObject","inLanguage":"es","@id":"https:\/\/cerfo.net\/index.php\/2023\/03\/22\/el-gobierno-de-aragon-declara-cerfo-inversion-de-interes-autonomico\/#primaryimage","url":"http:\/\/cerfo.net\/wp-content\/uploads\/2023\/03\/CERFO.png","contentUrl":"http:\/\/cerfo.net\/wp-content\/uploads\/2023\/03\/CERFO.png","width":2176,"height":1088,"caption":"El Gobierno de Arag\u00f3n sobre CERFO"},{"@type":"BreadcrumbList","@id":"https:\/\/cerfo.net\/index.php\/2023\/03\/22\/el-gobierno-de-aragon-declara-cerfo-inversion-de-interes-autonomico\/#breadcrumb","itemListElement":[{"@type":"ListItem","position":1,"name":"Portada","item":"https:\/\/cerfo.net\/"},{"@type":"ListItem","position":2,"name":"El Gobierno de Arag\u00f3n declara CERFO inversi\u00f3n de inter\u00e9s auton\u00f3mico\u00a0"}]},{"@type":"WebSite","@id":"https:\/\/cerfo.net\/#website","url":"https:\/\/cerfo.net\/","name":"CERFO","description":"Reciclaje de Placas Fotovolt\u00e1icas","publisher":{"@id":"https:\/\/cerfo.net\/#organization"},"potentialAction":[{"@type":"SearchAction","target":{"@type":"EntryPoint","urlTemplate":"https:\/\/cerfo.net\/?s={search_term_string}"},"query-input":"required name=search_term_string"}],"inLanguage":"es"},{"@type":"Organization","@id":"https:\/\/cerfo.net\/#organization","name":"CERFO","url":"https:\/\/cerfo.net\/","logo":{"@type":"ImageObject","inLanguage":"es","@id":"https:\/\/cerfo.net\/#\/schema\/logo\/image\/","url":"http:\/\/cerfo.net\/wp-content\/uploads\/2024\/03\/Cerfo_Pantone_BASELINE_positivo.png","contentUrl":"http:\/\/cerfo.net\/wp-content\/uploads\/2024\/03\/Cerfo_Pantone_BASELINE_positivo.png","width":2186,"height":1205,"caption":"CERFO"},"image":{"@id":"https:\/\/cerfo.net\/#\/schema\/logo\/image\/"}},{"@type":"Person","@id":"https:\/\/cerfo.net\/#\/schema\/person\/aca54c9da937ac3235050995dfa528cf","name":"cerfoibersyd","image":{"@type":"ImageObject","inLanguage":"es","@id":"https:\/\/cerfo.net\/#\/schema\/person\/image\/","url":"https:\/\/secure.gravatar.com\/avatar\/67c73d365f639f534625e3fa32f7d5f8a6532110e7a35736ac5a25f2129bbe6f?s=96&d=mm&r=g","contentUrl":"https:\/\/secure.gravatar.com\/avatar\/67c73d365f639f534625e3fa32f7d5f8a6532110e7a35736ac5a25f2129bbe6f?s=96&d=mm&r=g","caption":"cerfoibersyd"},"url":"http:\/\/cerfo.net\/index.php\/author\/cerfoibersyd\/"}]}},"jetpack_featured_media_url":"http:\/\/cerfo.net\/wp-content\/uploads\/2023\/03\/CERFO.png","_links":{"self":[{"href":"http:\/\/cerfo.net\/index.php\/wp-json\/wp\/v2\/posts\/1245","targetHints":{"allow":["GET"]}}],"collection":[{"href":"http:\/\/cerfo.net\/index.php\/wp-json\/wp\/v2\/posts"}],"about":[{"href":"http:\/\/cerfo.net\/index.php\/wp-json\/wp\/v2\/types\/post"}],"author":[{"embeddable":true,"href":"http:\/\/cerfo.net\/index.php\/wp-json\/wp\/v2\/users\/2"}],"replies":[{"embeddable":true,"href":"http:\/\/cerfo.net\/index.php\/wp-json\/wp\/v2\/comments?post=1245"}],"version-history":[{"count":1,"href":"http:\/\/cerfo.net\/index.php\/wp-json\/wp\/v2\/posts\/1245\/revisions"}],"predecessor-version":[{"id":1247,"href":"http:\/\/cerfo.net\/index.php\/wp-json\/wp\/v2\/posts\/1245\/revisions\/1247"}],"wp:featuredmedia":[{"embeddable":true,"href":"http:\/\/cerfo.net\/index.php\/wp-json\/wp\/v2\/media\/1246"}],"wp:attachment":[{"href":"http:\/\/cerfo.net\/index.php\/wp-json\/wp\/v2\/media?parent=1245"}],"wp:term":[{"taxonomy":"category","embeddable":true,"href":"http:\/\/cerfo.net\/index.php\/wp-json\/wp\/v2\/categories?post=1245"},{"taxonomy":"post_tag","embeddable":true,"href":"http:\/\/cerfo.net\/index.php\/wp-json\/wp\/v2\/tags?post=1245"}],"curies":[{"name":"wp","href":"https:\/\/api.w.org\/{rel}","templated":true}]}}