{"id":1146,"date":"2023-01-24T11:17:34","date_gmt":"2023-01-24T10:17:34","guid":{"rendered":"https:\/\/cerfonet.wpcomstaging.com\/?p=1146"},"modified":"2024-04-05T13:20:53","modified_gmt":"2024-04-05T13:20:53","slug":"entrevista-jesus-alijarde-ceoe-zaragoza","status":"publish","type":"post","link":"http:\/\/cerfo.net\/index.php\/2023\/01\/24\/entrevista-jesus-alijarde-ceoe-zaragoza\/","title":{"rendered":"Entrevista a Jes\u00fas Alijarde en CEOE Zaragoza"},"content":{"rendered":"\n<p class=\" eplus-wrapper\">La revista de&nbsp;<a href=\"https:\/\/www.ceoezaragoza.com\/\" target=\"_blank\" rel=\"noreferrer noopener\">CEOE Zaragoza<\/a>&nbsp;ha publicado una&nbsp;<strong>entrevista a Jes\u00fas Alijarde<\/strong>, director general de&nbsp;<a href=\"https:\/\/www.ibersyd.com\/\" target=\"_blank\" rel=\"noreferrer noopener\">\u00cdbersyd<\/a>. La recogemos aqu\u00ed, pero tambi\u00e9n puedes encontrarla haciendo click en&nbsp;<a href=\"https:\/\/www.ceoezaragoza.com\/jesus-alijarde-director-general-de-iber-sostenibilidad-y-desarrollo-ibersyd\/\" target=\"_blank\" rel=\"noreferrer noopener\">este enlace<\/a>. &nbsp;<\/p>\n\n\n\n<h2 class=\"wp-block-heading eplus-wrapper\">La entrevista a Jes\u00fas Alijarde en CEOE Zaragoza<\/h2>\n\n\n\n<h5 class=\"wp-block-heading eplus-wrapper\"><strong>El desarrollo sostenible y la descarbonizaci\u00f3n son hoy prioridades en la econom\u00eda y la sociedad. \u00bfHemos dado realmente el salto necesario en pol\u00edticas p\u00fablicas, actuaciones empresariales y conciencia ciudadana?<\/strong><\/h5>\n\n\n\n<p class=\" eplus-wrapper\">En los \u00faltimos 10 a\u00f1os se ha avanzado mucho m\u00e1s que en los 20 anteriores, fruto del impulso de los Gobiernos, las grandes empresas y el mundo financiero. Tambi\u00e9n&nbsp;<strong>existe una mayor conciencia social en la actualidad que hace 10 a\u00f1os<\/strong>.<\/p>\n\n\n\n<p class=\" eplus-wrapper\">No obstante, seguimos estando lejos de una situaci\u00f3n en la que los&nbsp;<strong>criterios de sostenibilidad ambiental y social<\/strong>&nbsp;est\u00e9n integrados completamente en la sociedad. Sigue faltando incorporar indicadores de sostenibilidad en los procesos de decisi\u00f3n de compra en todos los niveles y sigue faltando una ambici\u00f3n global.<\/p>\n\n\n\n<p class=\" eplus-wrapper\"><strong>La sociedad sigue siendo muy personalista y cortoplacista<\/strong>, y cuando incorporas criterios de sostenibilidad debes entender que hay m\u00e1s partes e intereses en juego y que hay que mirar objetivos a largo plazo con actuaciones a corto.<\/p>\n\n\n\n<h5 class=\"wp-block-heading eplus-wrapper\"><strong>\u00bfC\u00f3mo describir\u00eda el momento actual en su empresa?&nbsp;<\/strong><\/h5>\n\n\n\n<p class=\" eplus-wrapper\">Nuestra empresa tiene poco m\u00e1s de tres a\u00f1os y ha crecido muy r\u00e1pido sobre la base de unos valores y compromisos compartidos con todas las personas que forman la compa\u00f1\u00eda.<\/p>\n\n\n\n<p class=\" eplus-wrapper\">Nos enfrentamos a m\u00faltiples retos; el primero ser\u00eda la consolidaci\u00f3n de lo conseguido,&nbsp;<strong>debemos seguir trabajando como el primer d\u00eda por crear una empresa comprometida con su entorno y que sea econ\u00f3micamente viable<\/strong>, debemos dar una propuesta de valor diferencial.<\/p>\n\n\n\n<p class=\" eplus-wrapper\">As\u00ed mismo, la ilusi\u00f3n y compromiso de la plantilla con los valores y el prop\u00f3sito de nuestra empresa es total, y nos sentimos tremendamente orgullosos de la empresa, como equipo humano, que hemos construido.<\/p>\n\n\n\n<p class=\" eplus-wrapper\">Resumiendo,&nbsp;<strong>nuestra empresa se encuentra en un momento dulce<\/strong>, creciendo, generando valor compartido y haci\u00e9ndolo de una manera acorde con los valores que nos llevaron a constituir Ibersyd.<\/p>\n\n\n\n<h5 class=\"wp-block-heading eplus-wrapper\"><strong>\u00bfCu\u00e1les son sus principales proyectos y retos para corto y medio plazo?<\/strong><\/h5>\n\n\n\n<p class=\" eplus-wrapper\">Para los pr\u00f3ximos a\u00f1os nuestra empresa tiene tres grandes retos y objetivos a corto y medio plazo.<\/p>\n\n\n\n<p class=\" eplus-wrapper\">En primer lugar,&nbsp;<strong>queremos ser un referente nacional y consolidarnos definitivamente en los servicios de vigilancia ambiental en obra y operaci\u00f3n<\/strong>. Para todo proyecto sometido a evaluaci\u00f3n de impacto ambiental se requiere realizar controles y medidas compensatorias durante la fase de construcci\u00f3n y operaci\u00f3n.<\/p>\n\n\n\n<p class=\" eplus-wrapper\">En todos casos la obligaci\u00f3n administrativa de la vigilancia se alarga 6 o 7 a\u00f1os, y en muchas ocasiones la vigilancia es durante toda la vida \u00fatil, es decir, 25 o 30 a\u00f1os.<\/p>\n\n\n\n<p class=\" eplus-wrapper\">As\u00ed, en esta actividad&nbsp;<strong>aportamos una propuesta de valor diferencial a las empresas del sector<\/strong>, ya que somos capaces de unificar los requerimientos de la administraci\u00f3n en materia ambiental y social con los reportes exigidos por el mundo financiero en materia de ESG y finanzas sostenibles.<\/p>\n\n\n\n<p class=\" eplus-wrapper\">En segundo t\u00e9rmino,\u00a0<strong>nuestra actividad en reportes de sostenibilidad est\u00e1 teniendo un incremento significativo<\/strong> fruto de las mayores exigencias de la Administraci\u00f3n a las empresas en materia de informaci\u00f3n no financiera, as\u00ed como de compromisos voluntarios de reporte a trav\u00e9s de los m\u00faltiples indicadores internaciones de desempe\u00f1o.<\/p>\n\n\n\n<p class=\" eplus-wrapper\">Nuestra empresa es capaz de sincronizar los trabajos diarios de seguimiento y control con los informes de informaci\u00f3n financiera, con herramientas digitales y de medici\u00f3n desarrolladas internamente que facilitan enormemente la recopilaci\u00f3n de los datos relevantes.<\/p>\n\n\n\n<p class=\" eplus-wrapper\">Finalmente,&nbsp;<strong>estamos muy ilusionados con nuestro proyecto de reciclaje de paneles fotovoltaicos,&nbsp;<a href=\"https:\/\/cerfonet.wpcomstaging.com\/\" target=\"_blank\" rel=\"noreferrer noopener\">Centro Europeo de Reciclaje Fotovoltaico (CERFO)<\/a><\/strong>. En la actualidad estamos proyectando una primera planta en la provincia de Teruel y estamos avanzando en el desarrollo de nuevas plantas en diferentes emplazamientos.<\/p>\n\n\n\n<p class=\" eplus-wrapper\">Este proyecto lo estamos desarrollando en colaboraci\u00f3n con el centro tecnol\u00f3gico CIRCE y el apoyo del Departamento de Econom\u00eda, Planificaci\u00f3n y Empleo del Gobierno de Arag\u00f3n. El&nbsp;<strong>Ministerio para la Transici\u00f3n Ecol\u00f3gica y el Reto Demogr\u00e1fico (MITECO)<\/strong>&nbsp;ha incluido a CERFO en su&nbsp;<a href=\"https:\/\/www.miteco.gob.es\/es\/\" target=\"_blank\" rel=\"noreferrer noopener\"><strong>III Cat\u00e1logo de Buenas Pr\u00e1cticas de Econom\u00eda Circular<\/strong><\/a>&nbsp;y hemos ganado varios premios auton\u00f3micos y nacionales.<\/p>\n\n\n\n<h5 class=\"wp-block-heading eplus-wrapper\"><strong>Arag\u00f3n es l\u00edder en energ\u00eda renovable en Espa\u00f1a, \u00bftenemos mucho margen para continuar creciendo en este \u00e1mbito? \u00bfDebe ser una de las fortalezas de nuestro crecimiento econ\u00f3mico?<\/strong><\/h5>\n\n\n\n<p class=\" eplus-wrapper\">Cada nuevo salto evolutivo en la vida humana ha sido producido por el descubrimiento y aprovechamiento de una nueva fuente de energ\u00eda.&nbsp;<strong>No podemos dejar pasar la oportunidad de convertir a Arag\u00f3n en el lugar de Europa con m\u00e1s energ\u00eda y m\u00e1s barata<\/strong>.<\/p>\n\n\n\n<p class=\" eplus-wrapper\">El crecimiento econ\u00f3mico futuro, la iniciativa empresarial e incluso, el bienestar colectivo de las personas que habitan Arag\u00f3n depender\u00e1 decididamente de c\u00f3mo seamos capaces de proyectar el desarrollo de energ\u00eda renovable.<\/p>\n\n\n\n<p class=\" eplus-wrapper\">Las comunidades energ\u00e9ticas son una realidad y <strong>cada vez m\u00e1s empresas se ubicar\u00e1n en Arag\u00f3n<\/strong>\u00a0por su acceso a fuentes de energ\u00eda renovable.<\/p>\n\n\n\n<p class=\" eplus-wrapper\">Sin lugar a duda, el presente y futuro de Arag\u00f3n pasan por la energ\u00eda renovable. Todos los tejados de hogares, naves industriales y edificios p\u00fablicos deber\u00edan contar con paneles fotovoltaicos as\u00ed como se tienen que construir centenares de proyectos nuevos de energ\u00eda renovable y almacenamiento para aspirar a ser la Comunidad m\u00e1s prospera de Europa.<\/p>\n\n\n\n<h5 class=\"wp-block-heading eplus-wrapper\"><strong>\u00bfC\u00f3mo convencer\u00eda a alguien que todav\u00eda no lo est\u00e1 de la necesidad de impulsar estas instalaciones?&nbsp;<\/strong><\/h5>\n\n\n\n<p class=\" eplus-wrapper\">En el contexto social tambi\u00e9n rige la tercera ley de Newton, acci\u00f3n-reacci\u00f3n. Todo cambio externo introducido en un sistema en aparente equilibrio genera una reacci\u00f3n contrapuesta a la que genera el cambio.<\/p>\n\n\n\n<p class=\" eplus-wrapper\">Estamos ante un gran cambio de paradigma, y es normal que no todo el mundo lo entienda a la vez, o lo comparta en todo su \u00e1mbito. Pero es evidente que necesitamos el desarrollo generalizado de energ\u00eda renovable a nivel mundial.<\/p>\n\n\n\n<p class=\" eplus-wrapper\">En el caso europeo, espa\u00f1ol y aragon\u00e9s para cumplir el compromiso clim\u00e1tico del Gobierno de Espa\u00f1a en el marco de la Uni\u00f3n desarrollado en el Plan Nacional Integrado de Energ\u00eda y Clima (PNIEC) se requieren cerca de 200.000 MW de energ\u00eda renovable adicional a lo ya planteado.<\/p>\n\n\n\n<p class=\" eplus-wrapper\">Los objetivos intermedios de 2025 y 2030 hasta alcanzar la descarbonizaci\u00f3n en 2050 no se est\u00e1n cumpliendo,&nbsp;<strong>necesitamos m\u00e1s renovables<\/strong>.<\/p>\n\n\n\n<p class=\" eplus-wrapper\">Por tanto, como primera explicaci\u00f3n ser\u00eda que tenemos que cumplir con nuestros compromisos en el marco de la Uni\u00f3n.<\/p>\n\n\n\n<p class=\" eplus-wrapper\">En segundo t\u00e9rmino, y seguramente el m\u00e1s decisivo a nivel personal individual, es que&nbsp;<strong>la energ\u00eda renovable fotovoltaica y e\u00f3lica son, por mucho, las fuentes de energ\u00eda m\u00e1s baratas<\/strong>, en modelo financiero e incorporando externalidades, en ambos casos. Por tanto, cuanta m\u00e1s energ\u00eda barata seamos capaces de generar m\u00e1s barato ser\u00e1 alimentar nuestras casas y empresas con energ\u00eda.<\/p>\n\n\n\n<p class=\" eplus-wrapper\">A su vez, son fuente de riqueza indirecta, donde hay energ\u00eda barata hay empresas y, por tanto, el efecto tractor en la econom\u00eda es total. La energ\u00eda, junto a las v\u00edas de comunicaci\u00f3n y las telecomunicaciones, son los factores diferenciales para que un territorio siga manteniendo personas que lo habiten.<\/p>\n\n\n\n<p class=\" eplus-wrapper\">Finalmente, tenemos el argumento m\u00e1s cr\u00edtico para la permanencia de la vida humana en La Tierra, se trata del&nbsp;<strong>grave problema de las emisiones<\/strong>. Personalmente&nbsp;<strong>no creo en la teor\u00eda del decrecimiento<\/strong>, no debemos tener menos riqueza o menos nivel de vida para salvar al planeta. \u00danicamente debemos ser inteligentes y adaptar nuestro desarrollo humano al equilibrio clim\u00e1tico.<\/p>\n\n\n\n<h5 class=\"wp-block-heading eplus-wrapper\"><strong>\u00bfPor qu\u00e9 considera importante pertenecer a CEOE? \u00bfQu\u00e9 aportan al tejido empresarial y econ\u00f3mico el asociacionismo empresarial y el di\u00e1logo social?<\/strong><\/h5>\n\n\n\n<p class=\" eplus-wrapper\">Nosotros<strong>&nbsp;siempre hemos cre\u00eddo en la suma de ideas, en las sinergias, en el di\u00e1logo<\/strong>. Creemos que nuestros peque\u00f1os actos como empresa se pueden agregar a otros peque\u00f1os actos de otras empresas e impulsar conjuntamente grandes cambios en la sociedad.<\/p>\n\n\n\n<p class=\" eplus-wrapper\">Formamos parte de las asociaciones que comparten valores y prop\u00f3sito con nosotros. As\u00ed mismo, el ODS 17, Alianzas establece claramente el caminos para alcanzar un mundo m\u00e1s sostenible con la suma de muchas voluntades y trabajando conjuntamente.<\/p>\n\n\n\n<p class=\" eplus-wrapper\">Estamos en CEOE, en el CLENAR, hemos impulsado junto con Oc\u00e9ano Atl\u00e1ntico el Foro de Sostenibilidad de la Asociaci\u00f3n de J\u00f3venes Empresarios (AJE Zaragoza), formamos parte de asociaciones sectoriales.<\/p>\n\n\n\n<h5 class=\"wp-block-heading eplus-wrapper\"><strong>\u00bfQu\u00e9 medidas y pol\u00edticas considera que son prioritarias para impulsar la actividad econ\u00f3mica y desarrollo empresarial en nuestro pa\u00eds?&nbsp;<\/strong><\/h5>\n\n\n\n<p class=\" eplus-wrapper\">Nuestro trabajo como empresa es hacer las cosas bien, ser una empresa modelo e impulsar la sostenibilidad en las empresas. Para ello, creemos que desde el entorno pol\u00edtico se deben conseguir cuatro planteamientos completamente imprescindibles.<\/p>\n\n\n\n<p class=\" eplus-wrapper\">Primero,&nbsp;<strong>se deben alcanzar acuerdos de amplio alcance sobre los objetivos pa\u00eds a largo plazo<\/strong>. La descarbonizaci\u00f3n o el desarrollo sostenible no se promueven en una legislatura ni gracias a la acci\u00f3n de un \u00fanico Gobierno, por ello se requieren grandes acuerdos para alcanzar objetivos pa\u00eds.<\/p>\n\n\n\n<p class=\" eplus-wrapper\">En segundo t\u00e9rmino,&nbsp;<strong>se requiere de un marco normativo estable, la seguridad jur\u00eddica da confianza a las partes<\/strong>. Y la confianza es el elemento fundamental para que funcione nuestra sociedad. Con seguridad jur\u00eddica y estabilidad se realizan inversiones, se promueve empleo y se adaptan comportamientos para alcanzar los objetivos pa\u00eds.<\/p>\n\n\n\n<p class=\" eplus-wrapper\">En tercer lugar,&nbsp;<strong>debemos asumir que nadie se quede atr\u00e1s. La sociedad est\u00e1 cambiando a una velocidad que es tremendamente dif\u00edcil seguir<\/strong>. Muchas personas no son capaces de seguir el ritmo del cambio y es responsabilidad de todos que nadie se quede atr\u00e1s. La transici\u00f3n energ\u00e9tica debe ser justa y social, no excluyente.<\/p>\n\n\n\n<p class=\" eplus-wrapper\">Finalmente,<strong>&nbsp;se deben eliminar las trabas burocr\u00e1ticas innecesarias<\/strong>. La administraci\u00f3n debe adentrarse en el mundo digital, en romper las cadenas del inmovilismo y adaptar sus procesos y procedimientos. M\u00e1s personas controlando o verificando no es sin\u00f3nimo de mejor seguimiento. Hay que revisar la eficacia de los controles sobre la base de las mejores t\u00e9cnicas disponibles.<\/p>\n\n\n\n<p class=\" eplus-wrapper\">Resumiendo, objetivos a largo plazo claros, con un camino estable, que permita que todas las personas lo transiten y eliminando los obst\u00e1culos innecesarios que restan energ\u00edas del prop\u00f3sito principal.<\/p>\n","protected":false},"excerpt":{"rendered":"<p>La revista de&nbsp;CEOE Zaragoza&nbsp;ha publicado una&nbsp;entrevista a Jes\u00fas Alijarde, director general de&nbsp;\u00cdbersyd. La recogemos aqu\u00ed, pero tambi\u00e9n puedes encontrarla haciendo click en&nbsp;este enlace. &nbsp; La entrevista a Jes\u00fas Alijarde en CEOE Zaragoza El desarrollo sostenible y la descarbonizaci\u00f3n son hoy prioridades en la econom\u00eda y la sociedad. \u00bfHemos dado realmente el salto necesario en pol\u00edticas [&hellip;]<\/p>\n","protected":false},"author":2,"featured_media":1148,"comment_status":"closed","ping_status":"open","sticky":false,"template":"","format":"standard","meta":{"footnotes":""},"categories":[3,4],"tags":[19],"class_list":["post-1146","post","type-post","status-publish","format-standard","has-post-thumbnail","hentry","category-energias-renovables","category-panorama","tag-sostenibilidad"],"yoast_head":"<!-- This site is optimized with the Yoast SEO plugin v22.9 - https:\/\/yoast.com\/wordpress\/plugins\/seo\/ -->\n<title>Entrevista a Jes\u00fas Alijarde en CEOE Zaragoza - CERFO<\/title>\n<meta name=\"description\" content=\"Recogemos la entrevista a Jes\u00fas Alijarde en CEOE Zaragoza, organizaci\u00f3n empresarial de la provincia de Zaragoza.\" \/>\n<meta name=\"robots\" content=\"index, follow, max-snippet:-1, max-image-preview:large, max-video-preview:-1\" \/>\n<link rel=\"canonical\" href=\"http:\/\/cerfo.net\/index.php\/2023\/01\/24\/entrevista-jesus-alijarde-ceoe-zaragoza\/\" \/>\n<meta property=\"og:locale\" content=\"es_ES\" \/>\n<meta property=\"og:type\" content=\"article\" \/>\n<meta property=\"og:title\" content=\"Entrevista a Jes\u00fas Alijarde en CEOE Zaragoza - CERFO\" \/>\n<meta property=\"og:description\" content=\"Recogemos la entrevista a Jes\u00fas Alijarde en CEOE Zaragoza, organizaci\u00f3n empresarial de la provincia de Zaragoza.\" \/>\n<meta property=\"og:url\" content=\"http:\/\/cerfo.net\/index.php\/2023\/01\/24\/entrevista-jesus-alijarde-ceoe-zaragoza\/\" \/>\n<meta property=\"og:site_name\" content=\"CERFO\" \/>\n<meta property=\"article:published_time\" content=\"2023-01-24T10:17:34+00:00\" \/>\n<meta property=\"article:modified_time\" content=\"2024-04-05T13:20:53+00:00\" \/>\n<meta property=\"og:image\" content=\"http:\/\/cerfo.net\/wp-content\/uploads\/2023\/01\/1-3-1024x512.png\" \/>\n\t<meta property=\"og:image:width\" content=\"1024\" \/>\n\t<meta property=\"og:image:height\" content=\"512\" \/>\n\t<meta property=\"og:image:type\" content=\"image\/png\" \/>\n<meta name=\"author\" content=\"cerfoibersyd\" \/>\n<meta name=\"twitter:card\" content=\"summary_large_image\" \/>\n<meta name=\"twitter:label1\" content=\"Escrito por\" \/>\n\t<meta name=\"twitter:data1\" content=\"cerfoibersyd\" \/>\n\t<meta name=\"twitter:label2\" content=\"Tiempo de lectura\" \/>\n\t<meta name=\"twitter:data2\" content=\"8 minutos\" \/>\n<script type=\"application\/ld+json\" class=\"yoast-schema-graph\">{\"@context\":\"https:\/\/schema.org\",\"@graph\":[{\"@type\":\"Article\",\"@id\":\"http:\/\/cerfo.net\/index.php\/2023\/01\/24\/entrevista-jesus-alijarde-ceoe-zaragoza\/#article\",\"isPartOf\":{\"@id\":\"http:\/\/cerfo.net\/index.php\/2023\/01\/24\/entrevista-jesus-alijarde-ceoe-zaragoza\/\"},\"author\":{\"name\":\"cerfoibersyd\",\"@id\":\"http:\/\/cerfo.net\/#\/schema\/person\/aca54c9da937ac3235050995dfa528cf\"},\"headline\":\"Entrevista a Jes\u00fas Alijarde en CEOE Zaragoza\",\"datePublished\":\"2023-01-24T10:17:34+00:00\",\"dateModified\":\"2024-04-05T13:20:53+00:00\",\"mainEntityOfPage\":{\"@id\":\"http:\/\/cerfo.net\/index.php\/2023\/01\/24\/entrevista-jesus-alijarde-ceoe-zaragoza\/\"},\"wordCount\":1793,\"publisher\":{\"@id\":\"http:\/\/cerfo.net\/#organization\"},\"image\":{\"@id\":\"http:\/\/cerfo.net\/index.php\/2023\/01\/24\/entrevista-jesus-alijarde-ceoe-zaragoza\/#primaryimage\"},\"thumbnailUrl\":\"http:\/\/cerfo.net\/wp-content\/uploads\/2023\/01\/1-3.png\",\"keywords\":[\"sostenibilidad\"],\"articleSection\":[\"Energ\u00edas Renovables\",\"Panorama\"],\"inLanguage\":\"es\"},{\"@type\":\"WebPage\",\"@id\":\"http:\/\/cerfo.net\/index.php\/2023\/01\/24\/entrevista-jesus-alijarde-ceoe-zaragoza\/\",\"url\":\"http:\/\/cerfo.net\/index.php\/2023\/01\/24\/entrevista-jesus-alijarde-ceoe-zaragoza\/\",\"name\":\"Entrevista a Jes\u00fas Alijarde en CEOE Zaragoza - CERFO\",\"isPartOf\":{\"@id\":\"http:\/\/cerfo.net\/#website\"},\"primaryImageOfPage\":{\"@id\":\"http:\/\/cerfo.net\/index.php\/2023\/01\/24\/entrevista-jesus-alijarde-ceoe-zaragoza\/#primaryimage\"},\"image\":{\"@id\":\"http:\/\/cerfo.net\/index.php\/2023\/01\/24\/entrevista-jesus-alijarde-ceoe-zaragoza\/#primaryimage\"},\"thumbnailUrl\":\"http:\/\/cerfo.net\/wp-content\/uploads\/2023\/01\/1-3.png\",\"datePublished\":\"2023-01-24T10:17:34+00:00\",\"dateModified\":\"2024-04-05T13:20:53+00:00\",\"description\":\"Recogemos la entrevista a Jes\u00fas Alijarde en CEOE Zaragoza, organizaci\u00f3n empresarial de la provincia de Zaragoza.\",\"breadcrumb\":{\"@id\":\"http:\/\/cerfo.net\/index.php\/2023\/01\/24\/entrevista-jesus-alijarde-ceoe-zaragoza\/#breadcrumb\"},\"inLanguage\":\"es\",\"potentialAction\":[{\"@type\":\"ReadAction\",\"target\":[\"http:\/\/cerfo.net\/index.php\/2023\/01\/24\/entrevista-jesus-alijarde-ceoe-zaragoza\/\"]}]},{\"@type\":\"ImageObject\",\"inLanguage\":\"es\",\"@id\":\"http:\/\/cerfo.net\/index.php\/2023\/01\/24\/entrevista-jesus-alijarde-ceoe-zaragoza\/#primaryimage\",\"url\":\"http:\/\/cerfo.net\/wp-content\/uploads\/2023\/01\/1-3.png\",\"contentUrl\":\"http:\/\/cerfo.net\/wp-content\/uploads\/2023\/01\/1-3.png\",\"width\":2176,\"height\":1088,\"caption\":\"Jes\u00fas Alijarde\"},{\"@type\":\"BreadcrumbList\",\"@id\":\"http:\/\/cerfo.net\/index.php\/2023\/01\/24\/entrevista-jesus-alijarde-ceoe-zaragoza\/#breadcrumb\",\"itemListElement\":[{\"@type\":\"ListItem\",\"position\":1,\"name\":\"Portada\",\"item\":\"http:\/\/cerfo.net\/\"},{\"@type\":\"ListItem\",\"position\":2,\"name\":\"Entrevista a Jes\u00fas Alijarde en CEOE Zaragoza\"}]},{\"@type\":\"WebSite\",\"@id\":\"http:\/\/cerfo.net\/#website\",\"url\":\"http:\/\/cerfo.net\/\",\"name\":\"CERFO\",\"description\":\"Reciclaje de Placas Fotovolt\u00e1icas\",\"publisher\":{\"@id\":\"http:\/\/cerfo.net\/#organization\"},\"potentialAction\":[{\"@type\":\"SearchAction\",\"target\":{\"@type\":\"EntryPoint\",\"urlTemplate\":\"http:\/\/cerfo.net\/?s={search_term_string}\"},\"query-input\":\"required name=search_term_string\"}],\"inLanguage\":\"es\"},{\"@type\":\"Organization\",\"@id\":\"http:\/\/cerfo.net\/#organization\",\"name\":\"CERFO\",\"url\":\"http:\/\/cerfo.net\/\",\"logo\":{\"@type\":\"ImageObject\",\"inLanguage\":\"es\",\"@id\":\"http:\/\/cerfo.net\/#\/schema\/logo\/image\/\",\"url\":\"http:\/\/cerfo.net\/wp-content\/uploads\/2024\/03\/Cerfo_Pantone_BASELINE_positivo.png\",\"contentUrl\":\"http:\/\/cerfo.net\/wp-content\/uploads\/2024\/03\/Cerfo_Pantone_BASELINE_positivo.png\",\"width\":2186,\"height\":1205,\"caption\":\"CERFO\"},\"image\":{\"@id\":\"http:\/\/cerfo.net\/#\/schema\/logo\/image\/\"}},{\"@type\":\"Person\",\"@id\":\"http:\/\/cerfo.net\/#\/schema\/person\/aca54c9da937ac3235050995dfa528cf\",\"name\":\"cerfoibersyd\",\"image\":{\"@type\":\"ImageObject\",\"inLanguage\":\"es\",\"@id\":\"http:\/\/cerfo.net\/#\/schema\/person\/image\/\",\"url\":\"https:\/\/secure.gravatar.com\/avatar\/67c73d365f639f534625e3fa32f7d5f8a6532110e7a35736ac5a25f2129bbe6f?s=96&d=mm&r=g\",\"contentUrl\":\"https:\/\/secure.gravatar.com\/avatar\/67c73d365f639f534625e3fa32f7d5f8a6532110e7a35736ac5a25f2129bbe6f?s=96&d=mm&r=g\",\"caption\":\"cerfoibersyd\"},\"url\":\"http:\/\/cerfo.net\/index.php\/author\/cerfoibersyd\/\"}]}<\/script>\n<!-- \/ Yoast SEO plugin. -->","yoast_head_json":{"title":"Entrevista a Jes\u00fas Alijarde en CEOE Zaragoza - CERFO","description":"Recogemos la entrevista a Jes\u00fas Alijarde en CEOE Zaragoza, organizaci\u00f3n empresarial de la provincia de Zaragoza.","robots":{"index":"index","follow":"follow","max-snippet":"max-snippet:-1","max-image-preview":"max-image-preview:large","max-video-preview":"max-video-preview:-1"},"canonical":"http:\/\/cerfo.net\/index.php\/2023\/01\/24\/entrevista-jesus-alijarde-ceoe-zaragoza\/","og_locale":"es_ES","og_type":"article","og_title":"Entrevista a Jes\u00fas Alijarde en CEOE Zaragoza - CERFO","og_description":"Recogemos la entrevista a Jes\u00fas Alijarde en CEOE Zaragoza, organizaci\u00f3n empresarial de la provincia de Zaragoza.","og_url":"http:\/\/cerfo.net\/index.php\/2023\/01\/24\/entrevista-jesus-alijarde-ceoe-zaragoza\/","og_site_name":"CERFO","article_published_time":"2023-01-24T10:17:34+00:00","article_modified_time":"2024-04-05T13:20:53+00:00","og_image":[{"width":1024,"height":512,"url":"http:\/\/cerfo.net\/wp-content\/uploads\/2023\/01\/1-3-1024x512.png","type":"image\/png"}],"author":"cerfoibersyd","twitter_card":"summary_large_image","twitter_misc":{"Escrito por":"cerfoibersyd","Tiempo de lectura":"8 minutos"},"schema":{"@context":"https:\/\/schema.org","@graph":[{"@type":"Article","@id":"http:\/\/cerfo.net\/index.php\/2023\/01\/24\/entrevista-jesus-alijarde-ceoe-zaragoza\/#article","isPartOf":{"@id":"http:\/\/cerfo.net\/index.php\/2023\/01\/24\/entrevista-jesus-alijarde-ceoe-zaragoza\/"},"author":{"name":"cerfoibersyd","@id":"http:\/\/cerfo.net\/#\/schema\/person\/aca54c9da937ac3235050995dfa528cf"},"headline":"Entrevista a Jes\u00fas Alijarde en CEOE Zaragoza","datePublished":"2023-01-24T10:17:34+00:00","dateModified":"2024-04-05T13:20:53+00:00","mainEntityOfPage":{"@id":"http:\/\/cerfo.net\/index.php\/2023\/01\/24\/entrevista-jesus-alijarde-ceoe-zaragoza\/"},"wordCount":1793,"publisher":{"@id":"http:\/\/cerfo.net\/#organization"},"image":{"@id":"http:\/\/cerfo.net\/index.php\/2023\/01\/24\/entrevista-jesus-alijarde-ceoe-zaragoza\/#primaryimage"},"thumbnailUrl":"http:\/\/cerfo.net\/wp-content\/uploads\/2023\/01\/1-3.png","keywords":["sostenibilidad"],"articleSection":["Energ\u00edas Renovables","Panorama"],"inLanguage":"es"},{"@type":"WebPage","@id":"http:\/\/cerfo.net\/index.php\/2023\/01\/24\/entrevista-jesus-alijarde-ceoe-zaragoza\/","url":"http:\/\/cerfo.net\/index.php\/2023\/01\/24\/entrevista-jesus-alijarde-ceoe-zaragoza\/","name":"Entrevista a Jes\u00fas Alijarde en CEOE Zaragoza - CERFO","isPartOf":{"@id":"http:\/\/cerfo.net\/#website"},"primaryImageOfPage":{"@id":"http:\/\/cerfo.net\/index.php\/2023\/01\/24\/entrevista-jesus-alijarde-ceoe-zaragoza\/#primaryimage"},"image":{"@id":"http:\/\/cerfo.net\/index.php\/2023\/01\/24\/entrevista-jesus-alijarde-ceoe-zaragoza\/#primaryimage"},"thumbnailUrl":"http:\/\/cerfo.net\/wp-content\/uploads\/2023\/01\/1-3.png","datePublished":"2023-01-24T10:17:34+00:00","dateModified":"2024-04-05T13:20:53+00:00","description":"Recogemos la entrevista a Jes\u00fas Alijarde en CEOE Zaragoza, organizaci\u00f3n empresarial de la provincia de Zaragoza.","breadcrumb":{"@id":"http:\/\/cerfo.net\/index.php\/2023\/01\/24\/entrevista-jesus-alijarde-ceoe-zaragoza\/#breadcrumb"},"inLanguage":"es","potentialAction":[{"@type":"ReadAction","target":["http:\/\/cerfo.net\/index.php\/2023\/01\/24\/entrevista-jesus-alijarde-ceoe-zaragoza\/"]}]},{"@type":"ImageObject","inLanguage":"es","@id":"http:\/\/cerfo.net\/index.php\/2023\/01\/24\/entrevista-jesus-alijarde-ceoe-zaragoza\/#primaryimage","url":"http:\/\/cerfo.net\/wp-content\/uploads\/2023\/01\/1-3.png","contentUrl":"http:\/\/cerfo.net\/wp-content\/uploads\/2023\/01\/1-3.png","width":2176,"height":1088,"caption":"Jes\u00fas Alijarde"},{"@type":"BreadcrumbList","@id":"http:\/\/cerfo.net\/index.php\/2023\/01\/24\/entrevista-jesus-alijarde-ceoe-zaragoza\/#breadcrumb","itemListElement":[{"@type":"ListItem","position":1,"name":"Portada","item":"http:\/\/cerfo.net\/"},{"@type":"ListItem","position":2,"name":"Entrevista a Jes\u00fas Alijarde en CEOE Zaragoza"}]},{"@type":"WebSite","@id":"http:\/\/cerfo.net\/#website","url":"http:\/\/cerfo.net\/","name":"CERFO","description":"Reciclaje de Placas Fotovolt\u00e1icas","publisher":{"@id":"http:\/\/cerfo.net\/#organization"},"potentialAction":[{"@type":"SearchAction","target":{"@type":"EntryPoint","urlTemplate":"http:\/\/cerfo.net\/?s={search_term_string}"},"query-input":"required name=search_term_string"}],"inLanguage":"es"},{"@type":"Organization","@id":"http:\/\/cerfo.net\/#organization","name":"CERFO","url":"http:\/\/cerfo.net\/","logo":{"@type":"ImageObject","inLanguage":"es","@id":"http:\/\/cerfo.net\/#\/schema\/logo\/image\/","url":"http:\/\/cerfo.net\/wp-content\/uploads\/2024\/03\/Cerfo_Pantone_BASELINE_positivo.png","contentUrl":"http:\/\/cerfo.net\/wp-content\/uploads\/2024\/03\/Cerfo_Pantone_BASELINE_positivo.png","width":2186,"height":1205,"caption":"CERFO"},"image":{"@id":"http:\/\/cerfo.net\/#\/schema\/logo\/image\/"}},{"@type":"Person","@id":"http:\/\/cerfo.net\/#\/schema\/person\/aca54c9da937ac3235050995dfa528cf","name":"cerfoibersyd","image":{"@type":"ImageObject","inLanguage":"es","@id":"http:\/\/cerfo.net\/#\/schema\/person\/image\/","url":"https:\/\/secure.gravatar.com\/avatar\/67c73d365f639f534625e3fa32f7d5f8a6532110e7a35736ac5a25f2129bbe6f?s=96&d=mm&r=g","contentUrl":"https:\/\/secure.gravatar.com\/avatar\/67c73d365f639f534625e3fa32f7d5f8a6532110e7a35736ac5a25f2129bbe6f?s=96&d=mm&r=g","caption":"cerfoibersyd"},"url":"http:\/\/cerfo.net\/index.php\/author\/cerfoibersyd\/"}]}},"jetpack_featured_media_url":"http:\/\/cerfo.net\/wp-content\/uploads\/2023\/01\/1-3.png","_links":{"self":[{"href":"http:\/\/cerfo.net\/index.php\/wp-json\/wp\/v2\/posts\/1146","targetHints":{"allow":["GET"]}}],"collection":[{"href":"http:\/\/cerfo.net\/index.php\/wp-json\/wp\/v2\/posts"}],"about":[{"href":"http:\/\/cerfo.net\/index.php\/wp-json\/wp\/v2\/types\/post"}],"author":[{"embeddable":true,"href":"http:\/\/cerfo.net\/index.php\/wp-json\/wp\/v2\/users\/2"}],"replies":[{"embeddable":true,"href":"http:\/\/cerfo.net\/index.php\/wp-json\/wp\/v2\/comments?post=1146"}],"version-history":[{"count":1,"href":"http:\/\/cerfo.net\/index.php\/wp-json\/wp\/v2\/posts\/1146\/revisions"}],"predecessor-version":[{"id":1477,"href":"http:\/\/cerfo.net\/index.php\/wp-json\/wp\/v2\/posts\/1146\/revisions\/1477"}],"wp:featuredmedia":[{"embeddable":true,"href":"http:\/\/cerfo.net\/index.php\/wp-json\/wp\/v2\/media\/1148"}],"wp:attachment":[{"href":"http:\/\/cerfo.net\/index.php\/wp-json\/wp\/v2\/media?parent=1146"}],"wp:term":[{"taxonomy":"category","embeddable":true,"href":"http:\/\/cerfo.net\/index.php\/wp-json\/wp\/v2\/categories?post=1146"},{"taxonomy":"post_tag","embeddable":true,"href":"http:\/\/cerfo.net\/index.php\/wp-json\/wp\/v2\/tags?post=1146"}],"curies":[{"name":"wp","href":"https:\/\/api.w.org\/{rel}","templated":true}]}}