{"id":1138,"date":"2023-01-17T17:22:08","date_gmt":"2023-01-17T16:22:08","guid":{"rendered":"https:\/\/cerfonet.wpcomstaging.com\/?p=1138"},"modified":"2024-04-05T13:20:52","modified_gmt":"2024-04-05T13:20:52","slug":"clima-extremo-dana-nuestra-salud","status":"publish","type":"post","link":"http:\/\/cerfo.net\/index.php\/2023\/01\/17\/clima-extremo-dana-nuestra-salud\/","title":{"rendered":"El clima extremo da\u00f1a nuestra salud"},"content":{"rendered":"\n<p class=\" eplus-wrapper\">Este invierno est\u00e1 siendo una prueba del calor a destiempo que ya se ven\u00eda anunciando por los expertos. Lo que para muchas personas son d\u00edas agradables, en realidad son claros ejemplos de c\u00f3mo el clima est\u00e1 cambiando. Estos cambios est\u00e1n empezando a demostrar sus repercusiones, ya que el clima extremo da\u00f1a nuestra salud.&nbsp;<\/p>\n\n\n\n<p class=\" eplus-wrapper\">\u00abEl aumento de las temperaturas y de los eventos extremos m\u00e1s frecuentes e intensos, como las olas de calor, inundaciones, sequ\u00edas e incendios forestales, amenazan nuestra salud en t\u00e9rminos de&nbsp;<strong>exceso de mortalidad debido al calor extremo y la contaminaci\u00f3n<\/strong>, aumentando la exposici\u00f3n a enfermedades infecciosas, la p\u00e9rdida de productividad laboral y empeorando la salud mental\u00bb, resume Rachel Lowe, l\u00edder del equipo de Resiliencia en Salud Global del Barcelona Supercomputing Center-Centro Nacional de Supercomputaci\u00f3n (BSC-CNS) y directora de&nbsp;<a href=\"https:\/\/www.lancetcountdown.org\/europe\/\" target=\"_blank\" rel=\"noreferrer noopener\"><em>The Lancet Countdown in Europe<\/em><\/a>, la versi\u00f3n europea del prestigioso informe sobre salud y cambio clim\u00e1tico que publica anualmente la revista&nbsp;<em>Lancet Public Health.<\/em><\/p>\n\n\n\n<p class=\" eplus-wrapper\">Esta tendencia al alza de las temperaturas a escala global ha llevado a que la&nbsp;<a href=\"https:\/\/www.eea.europa.eu\/es\" target=\"_blank\" rel=\"noreferrer noopener\">Agencia Europea de Medio Ambiente (AEMA)<\/a>, en su informe de noviembre, considerase al calor como la mayor amenaza clim\u00e1tica para la salud de los europeos. Esta consideraci\u00f3n llega pese \u00abal clima predominantemente templado y a la situaci\u00f3n socioecon\u00f3mica relativamente pr\u00f3spera que hay en comparaci\u00f3n con otras regiones\u00bb. La poblaci\u00f3n europea es especialmente sensible al calor por el&nbsp;<strong>envejecimiento de la poblaci\u00f3n y la prevalencia de enfermedades cr\u00f3nicas<\/strong>, adem\u00e1s de por otros factores como la urbanizaci\u00f3n, el \u00abefecto isla\u00bb en las ciudades y pr\u00e1cticas laborales obsoletas, seg\u00fan se\u00f1ala este informe liderado por Aleksandra Kamierczak.<\/p>\n\n\n\n<h2 class=\"wp-block-heading eplus-wrapper\">Por qu\u00e9 el clima extremo da\u00f1a nuestra salud<\/h2>\n\n\n\n<p class=\" eplus-wrapper\">Tras la vulnerabilidad de la poblaci\u00f3n europea ante el calor hay dos razones vinculadas al cambio clim\u00e1tico. Por una parte, \u00ab<strong>el aumento de temperaturas<\/strong>, que provocan ya el mayor n\u00famero de muertes asociadas a causas naturales en Europa y se espera que aumenten sustancialmente debido al cambio clim\u00e1tico antropog\u00e9nico\u00bb. Por otra parte, la&nbsp;<strong>propagaci\u00f3n de enfermedades infecciosas<\/strong>&nbsp;a causa de las condiciones apropiadas para que lleguen insectos que antes no viv\u00edan en nuestro continente.<\/p>\n\n\n\n<p class=\" eplus-wrapper\"><strong>\u00abEstamos viendo en Europa cada vez m\u00e1s brotes locales de enfermedades transmitidas por el mosquito&nbsp;<\/strong><em><strong>Aedes albopictus<\/strong><\/em>&nbsp;(tambi\u00e9n llamado mosquito tigre), como el dengue y el chikungunya, por ejemplo, en Espa\u00f1a, Francia e Italia. Esto es algo particularmente preocupante, dada la creciente conectividad entre Europa y las \u00e1reas del mundo donde el&nbsp;<a href=\"https:\/\/www.elmundo.es\/ciencia-y-salud\/salud\/2022\/06\/30\/62bd75c7e4d4d81a5b8b45ad.html\">dengue<\/a>&nbsp;y el&nbsp;<a href=\"https:\/\/www.elmundo.es\/salud\/2019\/06\/15\/5d04cfc5fc6c83b63c8b460f.html\">chikungunya<\/a>&nbsp;son end\u00e9micos, a lo que se suma un&nbsp;<strong>alargamiento de las estaciones&nbsp;<\/strong>aptas para los vectores que pueden transmitir estas enfermedades\u00bb, explica Lowe.<\/p>\n\n\n\n<p class=\" eplus-wrapper\">Seg\u00fan el primer informe&nbsp;<em>The Lancet Countdown in Europe&nbsp;<\/em>publicado el pasado octubre,&nbsp;<strong>\u00ablas condiciones ambientales favorables para la transmisi\u00f3n del dengue aumentaron un 30% en la \u00faltima d\u00e9cada con respecto a los a\u00f1os 50<\/strong>\u00ab. Por su parte,&nbsp;\u00abel riesgo ambiental de brotes del virus del Nilo Occidental creci\u00f3 un 149% en el sur de Europa y un 163% en Europa central y oriental en el periodo 1986-2020 con respecto a 1951-1985\u00bb. Por otro lado, tambi\u00e9n&nbsp;<strong>se est\u00e1 alterando la temporada de floraci\u00f3n de varias especies de \u00e1rboles que producen alergias.<\/strong>&nbsp;<\/p>\n\n\n\n<p class=\" eplus-wrapper\">\u00abNuestro reciente informe de indicadores<em>&nbsp;Lancet Countdown in Europe<\/em>&nbsp;mostr\u00f3 que desde 2000, las muertes relacionadas con el calor han aumentado en 15 muertes por mill\u00f3n de habitantes por d\u00e9cada en promedio en toda Europa y en 30 muertes por mill\u00f3n de habitantes por d\u00e9cada en Espa\u00f1a\u00bb, precisa Rachel Lowe.&nbsp;<\/p>\n\n\n\n<h2 class=\"wp-block-heading eplus-wrapper\">Medidas para prevenir los da\u00f1os a la salud por altas temperaturas<\/h2>\n\n\n\n<p class=\" eplus-wrapper\">Sin medidas efectivas de adaptaci\u00f3n, advierte AEMA, el n\u00famero de fallecidos ir\u00e1 en aumento hasta el punto de que&nbsp;<strong>90.000 europeos podr\u00edan morir cada a\u00f1o por las temperaturas extremas hacia 2100&nbsp;<\/strong>en un escenario en el que la temperatura global aumente 3\u00baC. Por el momento, ya se ha superado el grado de calentamiento.<\/p>\n\n\n\n<p class=\" eplus-wrapper\">Lowe detalla algunas de las medidas que podr\u00edan implantarse. \u00abLos esfuerzos integrados de adaptaci\u00f3n y mitigaci\u00f3n, como la&nbsp;<strong>ecologizaci\u00f3n urbana<\/strong>, el&nbsp;<strong>dise\u00f1o de edificios energ\u00e9ticamente eficientes<\/strong>,<strong>&nbsp;infraestructuras seguras<\/strong>&nbsp;para moverse en bicicleta y caminar, son cruciales para aumentar simult\u00e1neamente la resiliencia, reducir las emisiones de carbono y proporcionar beneficios colaterales para la salud, como un aire m\u00e1s limpio y ciudades m\u00e1s habitables\u00bb. Como se\u00f1ala esta experta, \u00abla creciente intensidad y frecuencia de los eventos extremos, incluidas las olas de calor, no sorprende a la comunidad cient\u00edfica, que lleva d\u00e9cadas advirtiendo sobre estos riesgos. Lo que sorprende y preocupa es la carencia de esfuerzos ambiciosos de adaptaci\u00f3n y mitigaci\u00f3n por parte de los l\u00edderes mundiales para proteger la salud y los medios de subsistencia de los devastadores impactos en la salud del cambio clim\u00e1tico antropog\u00e9nico\u00bb.<\/p>\n","protected":false},"excerpt":{"rendered":"<p>Este invierno est\u00e1 siendo una prueba del calor a destiempo que ya se ven\u00eda anunciando por los expertos. Lo que para muchas personas son d\u00edas agradables, en realidad son claros ejemplos de c\u00f3mo el clima est\u00e1 cambiando. Estos cambios est\u00e1n empezando a demostrar sus repercusiones, ya que el clima extremo da\u00f1a nuestra salud.&nbsp; \u00abEl aumento [&hellip;]<\/p>\n","protected":false},"author":2,"featured_media":1139,"comment_status":"closed","ping_status":"open","sticky":false,"template":"","format":"standard","meta":{"footnotes":""},"categories":[4],"tags":[7],"class_list":["post-1138","post","type-post","status-publish","format-standard","has-post-thumbnail","hentry","category-panorama","tag-cambio-climatico"],"yoast_head":"<!-- This site is optimized with the Yoast SEO plugin v22.9 - https:\/\/yoast.com\/wordpress\/plugins\/seo\/ -->\n<title>El clima extremo da\u00f1a nuestra salud - CERFO<\/title>\n<meta name=\"description\" content=\"Las altas temperaturas est\u00e1n empezando a demostrar sus repercusiones, ya que el clima extremo da\u00f1a nuestra salud.\u00a0\" \/>\n<meta name=\"robots\" content=\"index, follow, max-snippet:-1, max-image-preview:large, max-video-preview:-1\" \/>\n<link rel=\"canonical\" href=\"http:\/\/cerfo.net\/index.php\/2023\/01\/17\/clima-extremo-dana-nuestra-salud\/\" \/>\n<meta property=\"og:locale\" content=\"es_ES\" \/>\n<meta property=\"og:type\" content=\"article\" \/>\n<meta property=\"og:title\" content=\"El clima extremo da\u00f1a nuestra salud - CERFO\" \/>\n<meta property=\"og:description\" content=\"Las altas temperaturas est\u00e1n empezando a demostrar sus repercusiones, ya que el clima extremo da\u00f1a nuestra salud.\u00a0\" \/>\n<meta property=\"og:url\" content=\"http:\/\/cerfo.net\/index.php\/2023\/01\/17\/clima-extremo-dana-nuestra-salud\/\" \/>\n<meta property=\"og:site_name\" content=\"CERFO\" \/>\n<meta property=\"article:published_time\" content=\"2023-01-17T16:22:08+00:00\" \/>\n<meta property=\"article:modified_time\" content=\"2024-04-05T13:20:52+00:00\" \/>\n<meta property=\"og:image\" content=\"http:\/\/cerfo.net\/wp-content\/uploads\/2023\/01\/1-2-1024x512.png\" \/>\n\t<meta property=\"og:image:width\" content=\"1024\" \/>\n\t<meta property=\"og:image:height\" content=\"512\" \/>\n\t<meta property=\"og:image:type\" content=\"image\/png\" \/>\n<meta name=\"author\" content=\"cerfoibersyd\" \/>\n<meta name=\"twitter:card\" content=\"summary_large_image\" \/>\n<meta name=\"twitter:label1\" content=\"Escrito por\" \/>\n\t<meta name=\"twitter:data1\" content=\"cerfoibersyd\" \/>\n\t<meta name=\"twitter:label2\" content=\"Tiempo de lectura\" \/>\n\t<meta name=\"twitter:data2\" content=\"4 minutos\" \/>\n<script type=\"application\/ld+json\" class=\"yoast-schema-graph\">{\"@context\":\"https:\/\/schema.org\",\"@graph\":[{\"@type\":\"Article\",\"@id\":\"http:\/\/cerfo.net\/index.php\/2023\/01\/17\/clima-extremo-dana-nuestra-salud\/#article\",\"isPartOf\":{\"@id\":\"http:\/\/cerfo.net\/index.php\/2023\/01\/17\/clima-extremo-dana-nuestra-salud\/\"},\"author\":{\"name\":\"cerfoibersyd\",\"@id\":\"http:\/\/cerfo.net\/#\/schema\/person\/aca54c9da937ac3235050995dfa528cf\"},\"headline\":\"El clima extremo da\u00f1a nuestra salud\",\"datePublished\":\"2023-01-17T16:22:08+00:00\",\"dateModified\":\"2024-04-05T13:20:52+00:00\",\"mainEntityOfPage\":{\"@id\":\"http:\/\/cerfo.net\/index.php\/2023\/01\/17\/clima-extremo-dana-nuestra-salud\/\"},\"wordCount\":866,\"publisher\":{\"@id\":\"http:\/\/cerfo.net\/#organization\"},\"image\":{\"@id\":\"http:\/\/cerfo.net\/index.php\/2023\/01\/17\/clima-extremo-dana-nuestra-salud\/#primaryimage\"},\"thumbnailUrl\":\"http:\/\/cerfo.net\/wp-content\/uploads\/2023\/01\/1-2.png\",\"keywords\":[\"cambio clim\u00e1tico\"],\"articleSection\":[\"Panorama\"],\"inLanguage\":\"es\"},{\"@type\":\"WebPage\",\"@id\":\"http:\/\/cerfo.net\/index.php\/2023\/01\/17\/clima-extremo-dana-nuestra-salud\/\",\"url\":\"http:\/\/cerfo.net\/index.php\/2023\/01\/17\/clima-extremo-dana-nuestra-salud\/\",\"name\":\"El clima extremo da\u00f1a nuestra salud - CERFO\",\"isPartOf\":{\"@id\":\"http:\/\/cerfo.net\/#website\"},\"primaryImageOfPage\":{\"@id\":\"http:\/\/cerfo.net\/index.php\/2023\/01\/17\/clima-extremo-dana-nuestra-salud\/#primaryimage\"},\"image\":{\"@id\":\"http:\/\/cerfo.net\/index.php\/2023\/01\/17\/clima-extremo-dana-nuestra-salud\/#primaryimage\"},\"thumbnailUrl\":\"http:\/\/cerfo.net\/wp-content\/uploads\/2023\/01\/1-2.png\",\"datePublished\":\"2023-01-17T16:22:08+00:00\",\"dateModified\":\"2024-04-05T13:20:52+00:00\",\"description\":\"Las altas temperaturas est\u00e1n empezando a demostrar sus repercusiones, ya que el clima extremo da\u00f1a nuestra salud.\u00a0\",\"breadcrumb\":{\"@id\":\"http:\/\/cerfo.net\/index.php\/2023\/01\/17\/clima-extremo-dana-nuestra-salud\/#breadcrumb\"},\"inLanguage\":\"es\",\"potentialAction\":[{\"@type\":\"ReadAction\",\"target\":[\"http:\/\/cerfo.net\/index.php\/2023\/01\/17\/clima-extremo-dana-nuestra-salud\/\"]}]},{\"@type\":\"ImageObject\",\"inLanguage\":\"es\",\"@id\":\"http:\/\/cerfo.net\/index.php\/2023\/01\/17\/clima-extremo-dana-nuestra-salud\/#primaryimage\",\"url\":\"http:\/\/cerfo.net\/wp-content\/uploads\/2023\/01\/1-2.png\",\"contentUrl\":\"http:\/\/cerfo.net\/wp-content\/uploads\/2023\/01\/1-2.png\",\"width\":2432,\"height\":1216,\"caption\":\"Altas temperaturas\"},{\"@type\":\"BreadcrumbList\",\"@id\":\"http:\/\/cerfo.net\/index.php\/2023\/01\/17\/clima-extremo-dana-nuestra-salud\/#breadcrumb\",\"itemListElement\":[{\"@type\":\"ListItem\",\"position\":1,\"name\":\"Portada\",\"item\":\"http:\/\/cerfo.net\/\"},{\"@type\":\"ListItem\",\"position\":2,\"name\":\"El clima extremo da\u00f1a nuestra salud\"}]},{\"@type\":\"WebSite\",\"@id\":\"http:\/\/cerfo.net\/#website\",\"url\":\"http:\/\/cerfo.net\/\",\"name\":\"CERFO\",\"description\":\"Reciclaje de Placas Fotovolt\u00e1icas\",\"publisher\":{\"@id\":\"http:\/\/cerfo.net\/#organization\"},\"potentialAction\":[{\"@type\":\"SearchAction\",\"target\":{\"@type\":\"EntryPoint\",\"urlTemplate\":\"http:\/\/cerfo.net\/?s={search_term_string}\"},\"query-input\":\"required name=search_term_string\"}],\"inLanguage\":\"es\"},{\"@type\":\"Organization\",\"@id\":\"http:\/\/cerfo.net\/#organization\",\"name\":\"CERFO\",\"url\":\"http:\/\/cerfo.net\/\",\"logo\":{\"@type\":\"ImageObject\",\"inLanguage\":\"es\",\"@id\":\"http:\/\/cerfo.net\/#\/schema\/logo\/image\/\",\"url\":\"http:\/\/cerfo.net\/wp-content\/uploads\/2024\/03\/Cerfo_Pantone_BASELINE_positivo.png\",\"contentUrl\":\"http:\/\/cerfo.net\/wp-content\/uploads\/2024\/03\/Cerfo_Pantone_BASELINE_positivo.png\",\"width\":2186,\"height\":1205,\"caption\":\"CERFO\"},\"image\":{\"@id\":\"http:\/\/cerfo.net\/#\/schema\/logo\/image\/\"}},{\"@type\":\"Person\",\"@id\":\"http:\/\/cerfo.net\/#\/schema\/person\/aca54c9da937ac3235050995dfa528cf\",\"name\":\"cerfoibersyd\",\"image\":{\"@type\":\"ImageObject\",\"inLanguage\":\"es\",\"@id\":\"http:\/\/cerfo.net\/#\/schema\/person\/image\/\",\"url\":\"https:\/\/secure.gravatar.com\/avatar\/67c73d365f639f534625e3fa32f7d5f8a6532110e7a35736ac5a25f2129bbe6f?s=96&d=mm&r=g\",\"contentUrl\":\"https:\/\/secure.gravatar.com\/avatar\/67c73d365f639f534625e3fa32f7d5f8a6532110e7a35736ac5a25f2129bbe6f?s=96&d=mm&r=g\",\"caption\":\"cerfoibersyd\"},\"url\":\"http:\/\/cerfo.net\/index.php\/author\/cerfoibersyd\/\"}]}<\/script>\n<!-- \/ Yoast SEO plugin. -->","yoast_head_json":{"title":"El clima extremo da\u00f1a nuestra salud - CERFO","description":"Las altas temperaturas est\u00e1n empezando a demostrar sus repercusiones, ya que el clima extremo da\u00f1a nuestra salud.\u00a0","robots":{"index":"index","follow":"follow","max-snippet":"max-snippet:-1","max-image-preview":"max-image-preview:large","max-video-preview":"max-video-preview:-1"},"canonical":"http:\/\/cerfo.net\/index.php\/2023\/01\/17\/clima-extremo-dana-nuestra-salud\/","og_locale":"es_ES","og_type":"article","og_title":"El clima extremo da\u00f1a nuestra salud - CERFO","og_description":"Las altas temperaturas est\u00e1n empezando a demostrar sus repercusiones, ya que el clima extremo da\u00f1a nuestra salud.\u00a0","og_url":"http:\/\/cerfo.net\/index.php\/2023\/01\/17\/clima-extremo-dana-nuestra-salud\/","og_site_name":"CERFO","article_published_time":"2023-01-17T16:22:08+00:00","article_modified_time":"2024-04-05T13:20:52+00:00","og_image":[{"width":1024,"height":512,"url":"http:\/\/cerfo.net\/wp-content\/uploads\/2023\/01\/1-2-1024x512.png","type":"image\/png"}],"author":"cerfoibersyd","twitter_card":"summary_large_image","twitter_misc":{"Escrito por":"cerfoibersyd","Tiempo de lectura":"4 minutos"},"schema":{"@context":"https:\/\/schema.org","@graph":[{"@type":"Article","@id":"http:\/\/cerfo.net\/index.php\/2023\/01\/17\/clima-extremo-dana-nuestra-salud\/#article","isPartOf":{"@id":"http:\/\/cerfo.net\/index.php\/2023\/01\/17\/clima-extremo-dana-nuestra-salud\/"},"author":{"name":"cerfoibersyd","@id":"http:\/\/cerfo.net\/#\/schema\/person\/aca54c9da937ac3235050995dfa528cf"},"headline":"El clima extremo da\u00f1a nuestra salud","datePublished":"2023-01-17T16:22:08+00:00","dateModified":"2024-04-05T13:20:52+00:00","mainEntityOfPage":{"@id":"http:\/\/cerfo.net\/index.php\/2023\/01\/17\/clima-extremo-dana-nuestra-salud\/"},"wordCount":866,"publisher":{"@id":"http:\/\/cerfo.net\/#organization"},"image":{"@id":"http:\/\/cerfo.net\/index.php\/2023\/01\/17\/clima-extremo-dana-nuestra-salud\/#primaryimage"},"thumbnailUrl":"http:\/\/cerfo.net\/wp-content\/uploads\/2023\/01\/1-2.png","keywords":["cambio clim\u00e1tico"],"articleSection":["Panorama"],"inLanguage":"es"},{"@type":"WebPage","@id":"http:\/\/cerfo.net\/index.php\/2023\/01\/17\/clima-extremo-dana-nuestra-salud\/","url":"http:\/\/cerfo.net\/index.php\/2023\/01\/17\/clima-extremo-dana-nuestra-salud\/","name":"El clima extremo da\u00f1a nuestra salud - CERFO","isPartOf":{"@id":"http:\/\/cerfo.net\/#website"},"primaryImageOfPage":{"@id":"http:\/\/cerfo.net\/index.php\/2023\/01\/17\/clima-extremo-dana-nuestra-salud\/#primaryimage"},"image":{"@id":"http:\/\/cerfo.net\/index.php\/2023\/01\/17\/clima-extremo-dana-nuestra-salud\/#primaryimage"},"thumbnailUrl":"http:\/\/cerfo.net\/wp-content\/uploads\/2023\/01\/1-2.png","datePublished":"2023-01-17T16:22:08+00:00","dateModified":"2024-04-05T13:20:52+00:00","description":"Las altas temperaturas est\u00e1n empezando a demostrar sus repercusiones, ya que el clima extremo da\u00f1a nuestra salud.\u00a0","breadcrumb":{"@id":"http:\/\/cerfo.net\/index.php\/2023\/01\/17\/clima-extremo-dana-nuestra-salud\/#breadcrumb"},"inLanguage":"es","potentialAction":[{"@type":"ReadAction","target":["http:\/\/cerfo.net\/index.php\/2023\/01\/17\/clima-extremo-dana-nuestra-salud\/"]}]},{"@type":"ImageObject","inLanguage":"es","@id":"http:\/\/cerfo.net\/index.php\/2023\/01\/17\/clima-extremo-dana-nuestra-salud\/#primaryimage","url":"http:\/\/cerfo.net\/wp-content\/uploads\/2023\/01\/1-2.png","contentUrl":"http:\/\/cerfo.net\/wp-content\/uploads\/2023\/01\/1-2.png","width":2432,"height":1216,"caption":"Altas temperaturas"},{"@type":"BreadcrumbList","@id":"http:\/\/cerfo.net\/index.php\/2023\/01\/17\/clima-extremo-dana-nuestra-salud\/#breadcrumb","itemListElement":[{"@type":"ListItem","position":1,"name":"Portada","item":"http:\/\/cerfo.net\/"},{"@type":"ListItem","position":2,"name":"El clima extremo da\u00f1a nuestra salud"}]},{"@type":"WebSite","@id":"http:\/\/cerfo.net\/#website","url":"http:\/\/cerfo.net\/","name":"CERFO","description":"Reciclaje de Placas Fotovolt\u00e1icas","publisher":{"@id":"http:\/\/cerfo.net\/#organization"},"potentialAction":[{"@type":"SearchAction","target":{"@type":"EntryPoint","urlTemplate":"http:\/\/cerfo.net\/?s={search_term_string}"},"query-input":"required name=search_term_string"}],"inLanguage":"es"},{"@type":"Organization","@id":"http:\/\/cerfo.net\/#organization","name":"CERFO","url":"http:\/\/cerfo.net\/","logo":{"@type":"ImageObject","inLanguage":"es","@id":"http:\/\/cerfo.net\/#\/schema\/logo\/image\/","url":"http:\/\/cerfo.net\/wp-content\/uploads\/2024\/03\/Cerfo_Pantone_BASELINE_positivo.png","contentUrl":"http:\/\/cerfo.net\/wp-content\/uploads\/2024\/03\/Cerfo_Pantone_BASELINE_positivo.png","width":2186,"height":1205,"caption":"CERFO"},"image":{"@id":"http:\/\/cerfo.net\/#\/schema\/logo\/image\/"}},{"@type":"Person","@id":"http:\/\/cerfo.net\/#\/schema\/person\/aca54c9da937ac3235050995dfa528cf","name":"cerfoibersyd","image":{"@type":"ImageObject","inLanguage":"es","@id":"http:\/\/cerfo.net\/#\/schema\/person\/image\/","url":"https:\/\/secure.gravatar.com\/avatar\/67c73d365f639f534625e3fa32f7d5f8a6532110e7a35736ac5a25f2129bbe6f?s=96&d=mm&r=g","contentUrl":"https:\/\/secure.gravatar.com\/avatar\/67c73d365f639f534625e3fa32f7d5f8a6532110e7a35736ac5a25f2129bbe6f?s=96&d=mm&r=g","caption":"cerfoibersyd"},"url":"http:\/\/cerfo.net\/index.php\/author\/cerfoibersyd\/"}]}},"jetpack_featured_media_url":"http:\/\/cerfo.net\/wp-content\/uploads\/2023\/01\/1-2.png","_links":{"self":[{"href":"http:\/\/cerfo.net\/index.php\/wp-json\/wp\/v2\/posts\/1138","targetHints":{"allow":["GET"]}}],"collection":[{"href":"http:\/\/cerfo.net\/index.php\/wp-json\/wp\/v2\/posts"}],"about":[{"href":"http:\/\/cerfo.net\/index.php\/wp-json\/wp\/v2\/types\/post"}],"author":[{"embeddable":true,"href":"http:\/\/cerfo.net\/index.php\/wp-json\/wp\/v2\/users\/2"}],"replies":[{"embeddable":true,"href":"http:\/\/cerfo.net\/index.php\/wp-json\/wp\/v2\/comments?post=1138"}],"version-history":[{"count":1,"href":"http:\/\/cerfo.net\/index.php\/wp-json\/wp\/v2\/posts\/1138\/revisions"}],"predecessor-version":[{"id":1475,"href":"http:\/\/cerfo.net\/index.php\/wp-json\/wp\/v2\/posts\/1138\/revisions\/1475"}],"wp:featuredmedia":[{"embeddable":true,"href":"http:\/\/cerfo.net\/index.php\/wp-json\/wp\/v2\/media\/1139"}],"wp:attachment":[{"href":"http:\/\/cerfo.net\/index.php\/wp-json\/wp\/v2\/media?parent=1138"}],"wp:term":[{"taxonomy":"category","embeddable":true,"href":"http:\/\/cerfo.net\/index.php\/wp-json\/wp\/v2\/categories?post=1138"},{"taxonomy":"post_tag","embeddable":true,"href":"http:\/\/cerfo.net\/index.php\/wp-json\/wp\/v2\/tags?post=1138"}],"curies":[{"name":"wp","href":"https:\/\/api.w.org\/{rel}","templated":true}]}}