{"id":1049,"date":"2022-12-13T09:49:47","date_gmt":"2022-12-13T08:49:47","guid":{"rendered":"https:\/\/cerfonet.wpcomstaging.com\/?p=1049"},"modified":"2024-04-05T13:20:52","modified_gmt":"2024-04-05T13:20:52","slug":"cerfo-renueva-sellos-rsa","status":"publish","type":"post","link":"http:\/\/cerfo.net\/index.php\/2022\/12\/13\/cerfo-renueva-sellos-rsa\/","title":{"rendered":"Cerfo renueva los sellos RSA+ y RSA"},"content":{"rendered":"\n<p class=\" eplus-wrapper\">El pasado jueves, uno de diciembre, tuvo lugar la Jornada de la Responsabilidad Social en Arag\u00f3n, en Zaragoza. En ella, tanto&nbsp;<a href=\"https:\/\/www.ibersyd.com\/\" target=\"_blank\" rel=\"noreferrer noopener\">\u00cdber Sostenibilidad y Desarrollo<\/a>&nbsp;como&nbsp;<a href=\"https:\/\/cerfonet.wpcomstaging.com\/\" target=\"_blank\" rel=\"noreferrer noopener\">Centro Europeo de Reciclaje Fotovoltaico (Cerfo)<\/a>, renovaron los sellos&nbsp;<strong>RSA+<\/strong>&nbsp;y&nbsp;<strong>RSA<\/strong>.<\/p>\n\n\n\n<h2 class=\"wp-block-heading eplus-wrapper\">Cerfo renueva los sellos RSA+ y RSA<\/h2>\n\n\n\n<p class=\" eplus-wrapper\">La Mesa de la<strong>&nbsp;Responsabilidad Social de Arag\u00f3n<\/strong>, que coordina la implantaci\u00f3n del Plan RSA, formada por CEOE Arag\u00f3n, CEPYME Arag\u00f3n, UGT Arag\u00f3n, CCOO Arag\u00f3n y el IAF en representaci\u00f3n del Gobierno de Arag\u00f3n, aprob\u00f3 la creaci\u00f3n en 2018 del Sello RSA+, que busca impulsar que las organizaciones poseedoras del Sello RSA profundicen en aspectos clave de la Responsabilidad Social Corporativa.<\/p>\n\n\n\n<p class=\" eplus-wrapper\">As\u00ed, estos sellos son unos distintivos que otorgan el&nbsp;<a href=\"https:\/\/www.iaf.es\/\" target=\"_blank\" rel=\"noreferrer noopener\">Instituto Aragon\u00e9s de Fomento<\/a>&nbsp;y el&nbsp;<a href=\"https:\/\/www.aragonempresa.com\/\" target=\"_blank\" rel=\"noreferrer noopener\">Programa Arag\u00f3n Empresa<\/a>&nbsp;como un reconocimiento al compromiso con la&nbsp;<strong>Responsabilidad Social Empresarial<\/strong>, la sostenibilidad y las buenas pr\u00e1cticas empresariales.<\/p>\n\n\n\n<p class=\" eplus-wrapper\">Los aspectos clave que impulsan el Sello RSA+ son:<\/p>\n\n\n\n<ul class=\"eplus-wrapper wp-block-list\">\n<li class=\" eplus-wrapper\">La&nbsp;<strong>conciliaci\u00f3n<\/strong>&nbsp;la vida personal, familiar y laboral, aline\u00e1ndose con las directrices impulsadas por la Direcci\u00f3n General de Igualdad y Familia.<\/li>\n<\/ul>\n\n\n\n<ul class=\"eplus-wrapper wp-block-list\">\n<li class=\" eplus-wrapper\">La&nbsp;<strong>igualdad<\/strong>&nbsp;en todo tipo de organizaciones, primando las mismas oportunidades y el principio de no discriminaci\u00f3n<\/li>\n<\/ul>\n\n\n\n<ul class=\"eplus-wrapper wp-block-list\">\n<li class=\" eplus-wrapper\">El&nbsp;<strong>voluntariado y la acci\u00f3n social<\/strong>, promocion\u00e1ndose la colaboraci\u00f3n entre empresas&nbsp; y entidades de car\u00e1cter no lucrativo, con el objetivo de que sea una relaci\u00f3n estable entre ambas y fomentando la utilizaci\u00f3n de&nbsp;la Ventana de la Cooperaci\u00f3n<\/li>\n<\/ul>\n\n\n\n<ul class=\"eplus-wrapper wp-block-list\">\n<li class=\" eplus-wrapper\">La difusi\u00f3n de la&nbsp;<strong>cultura<\/strong>. La implicaci\u00f3n de las organizaciones en la promoci\u00f3n de la cultura<strong>&nbsp;<\/strong>en Arag\u00f3n, impulsando su relaci\u00f3n con el entorno.<\/li>\n<\/ul>\n\n\n\n<ul class=\"eplus-wrapper wp-block-list\">\n<li class=\" eplus-wrapper\">El&nbsp;<strong>compromiso de las organizaciones con los Objetivos de Desarrollo Sostenible<\/strong>&nbsp;y el cumplimiento de la&nbsp;<strong>Agenda 2030<\/strong>&nbsp;de Naciones Unidas.<\/li>\n<\/ul>\n\n\n\n<p class=\" eplus-wrapper\">En l\u00ednea con los valores que representa el Grupo \u00cdbersyd, estamos muy content@s de comunicar esta renovaci\u00f3n.<\/p>\n","protected":false},"excerpt":{"rendered":"<p>El pasado jueves, uno de diciembre, tuvo lugar la Jornada de la Responsabilidad Social en Arag\u00f3n, en Zaragoza. En ella, tanto&nbsp;\u00cdber Sostenibilidad y Desarrollo&nbsp;como&nbsp;Centro Europeo de Reciclaje Fotovoltaico (Cerfo), renovaron los sellos&nbsp;RSA+&nbsp;y&nbsp;RSA. Cerfo renueva los sellos RSA+ y RSA La Mesa de la&nbsp;Responsabilidad Social de Arag\u00f3n, que coordina la implantaci\u00f3n del Plan RSA, formada por [&hellip;]<\/p>\n","protected":false},"author":2,"featured_media":1051,"comment_status":"closed","ping_status":"open","sticky":false,"template":"","format":"standard","meta":{"footnotes":""},"categories":[4],"tags":[19],"class_list":["post-1049","post","type-post","status-publish","format-standard","has-post-thumbnail","hentry","category-panorama","tag-sostenibilidad"],"yoast_head":"<!-- This site is optimized with the Yoast SEO plugin v22.9 - https:\/\/yoast.com\/wordpress\/plugins\/seo\/ -->\n<title>Cerfo renueva los sellos RSA+ y RSA - CERFO<\/title>\n<meta name=\"description\" content=\"Cerfo renueva los sellos RSA+ y RSA en la Jornada de la Responsabilidad Social en Arag\u00f3n, en Zaragoza.\" \/>\n<meta name=\"robots\" content=\"index, follow, max-snippet:-1, max-image-preview:large, max-video-preview:-1\" \/>\n<link rel=\"canonical\" href=\"http:\/\/cerfo.net\/index.php\/2022\/12\/13\/cerfo-renueva-sellos-rsa\/\" \/>\n<meta property=\"og:locale\" content=\"es_ES\" \/>\n<meta property=\"og:type\" content=\"article\" \/>\n<meta property=\"og:title\" content=\"Cerfo renueva los sellos RSA+ y RSA - CERFO\" \/>\n<meta property=\"og:description\" content=\"Cerfo renueva los sellos RSA+ y RSA en la Jornada de la Responsabilidad Social en Arag\u00f3n, en Zaragoza.\" \/>\n<meta property=\"og:url\" content=\"http:\/\/cerfo.net\/index.php\/2022\/12\/13\/cerfo-renueva-sellos-rsa\/\" \/>\n<meta property=\"og:site_name\" content=\"CERFO\" \/>\n<meta property=\"article:published_time\" content=\"2022-12-13T08:49:47+00:00\" \/>\n<meta property=\"article:modified_time\" content=\"2024-04-05T13:20:52+00:00\" \/>\n<meta property=\"og:image\" content=\"http:\/\/cerfo.net\/wp-content\/uploads\/2022\/12\/Sellos-RSA.jpeg\" \/>\n\t<meta property=\"og:image:width\" content=\"1600\" \/>\n\t<meta property=\"og:image:height\" content=\"1200\" \/>\n\t<meta property=\"og:image:type\" content=\"image\/jpeg\" \/>\n<meta name=\"author\" content=\"cerfoibersyd\" \/>\n<meta name=\"twitter:card\" content=\"summary_large_image\" \/>\n<meta name=\"twitter:label1\" content=\"Escrito por\" \/>\n\t<meta name=\"twitter:data1\" content=\"cerfoibersyd\" \/>\n\t<meta name=\"twitter:label2\" content=\"Tiempo de lectura\" \/>\n\t<meta name=\"twitter:data2\" content=\"2 minutos\" \/>\n<script type=\"application\/ld+json\" class=\"yoast-schema-graph\">{\"@context\":\"https:\/\/schema.org\",\"@graph\":[{\"@type\":\"Article\",\"@id\":\"http:\/\/cerfo.net\/index.php\/2022\/12\/13\/cerfo-renueva-sellos-rsa\/#article\",\"isPartOf\":{\"@id\":\"http:\/\/cerfo.net\/index.php\/2022\/12\/13\/cerfo-renueva-sellos-rsa\/\"},\"author\":{\"name\":\"cerfoibersyd\",\"@id\":\"https:\/\/cerfo.net\/#\/schema\/person\/aca54c9da937ac3235050995dfa528cf\"},\"headline\":\"Cerfo renueva los sellos RSA+ y RSA\",\"datePublished\":\"2022-12-13T08:49:47+00:00\",\"dateModified\":\"2024-04-05T13:20:52+00:00\",\"mainEntityOfPage\":{\"@id\":\"http:\/\/cerfo.net\/index.php\/2022\/12\/13\/cerfo-renueva-sellos-rsa\/\"},\"wordCount\":350,\"publisher\":{\"@id\":\"https:\/\/cerfo.net\/#organization\"},\"image\":{\"@id\":\"http:\/\/cerfo.net\/index.php\/2022\/12\/13\/cerfo-renueva-sellos-rsa\/#primaryimage\"},\"thumbnailUrl\":\"http:\/\/cerfo.net\/wp-content\/uploads\/2022\/12\/Sellos-RSA.jpeg\",\"keywords\":[\"sostenibilidad\"],\"articleSection\":[\"Panorama\"],\"inLanguage\":\"es\"},{\"@type\":\"WebPage\",\"@id\":\"http:\/\/cerfo.net\/index.php\/2022\/12\/13\/cerfo-renueva-sellos-rsa\/\",\"url\":\"http:\/\/cerfo.net\/index.php\/2022\/12\/13\/cerfo-renueva-sellos-rsa\/\",\"name\":\"Cerfo renueva los sellos RSA+ y RSA - CERFO\",\"isPartOf\":{\"@id\":\"https:\/\/cerfo.net\/#website\"},\"primaryImageOfPage\":{\"@id\":\"http:\/\/cerfo.net\/index.php\/2022\/12\/13\/cerfo-renueva-sellos-rsa\/#primaryimage\"},\"image\":{\"@id\":\"http:\/\/cerfo.net\/index.php\/2022\/12\/13\/cerfo-renueva-sellos-rsa\/#primaryimage\"},\"thumbnailUrl\":\"http:\/\/cerfo.net\/wp-content\/uploads\/2022\/12\/Sellos-RSA.jpeg\",\"datePublished\":\"2022-12-13T08:49:47+00:00\",\"dateModified\":\"2024-04-05T13:20:52+00:00\",\"description\":\"Cerfo renueva los sellos RSA+ y RSA en la Jornada de la Responsabilidad Social en Arag\u00f3n, en Zaragoza.\",\"breadcrumb\":{\"@id\":\"http:\/\/cerfo.net\/index.php\/2022\/12\/13\/cerfo-renueva-sellos-rsa\/#breadcrumb\"},\"inLanguage\":\"es\",\"potentialAction\":[{\"@type\":\"ReadAction\",\"target\":[\"http:\/\/cerfo.net\/index.php\/2022\/12\/13\/cerfo-renueva-sellos-rsa\/\"]}]},{\"@type\":\"ImageObject\",\"inLanguage\":\"es\",\"@id\":\"http:\/\/cerfo.net\/index.php\/2022\/12\/13\/cerfo-renueva-sellos-rsa\/#primaryimage\",\"url\":\"http:\/\/cerfo.net\/wp-content\/uploads\/2022\/12\/Sellos-RSA.jpeg\",\"contentUrl\":\"http:\/\/cerfo.net\/wp-content\/uploads\/2022\/12\/Sellos-RSA.jpeg\",\"width\":1600,\"height\":1200,\"caption\":\"Sellos RSA+\"},{\"@type\":\"BreadcrumbList\",\"@id\":\"http:\/\/cerfo.net\/index.php\/2022\/12\/13\/cerfo-renueva-sellos-rsa\/#breadcrumb\",\"itemListElement\":[{\"@type\":\"ListItem\",\"position\":1,\"name\":\"Portada\",\"item\":\"https:\/\/cerfo.net\/\"},{\"@type\":\"ListItem\",\"position\":2,\"name\":\"Cerfo renueva los sellos RSA+ y RSA\"}]},{\"@type\":\"WebSite\",\"@id\":\"https:\/\/cerfo.net\/#website\",\"url\":\"https:\/\/cerfo.net\/\",\"name\":\"CERFO\",\"description\":\"Reciclaje de Placas Fotovolt\u00e1icas\",\"publisher\":{\"@id\":\"https:\/\/cerfo.net\/#organization\"},\"potentialAction\":[{\"@type\":\"SearchAction\",\"target\":{\"@type\":\"EntryPoint\",\"urlTemplate\":\"https:\/\/cerfo.net\/?s={search_term_string}\"},\"query-input\":\"required name=search_term_string\"}],\"inLanguage\":\"es\"},{\"@type\":\"Organization\",\"@id\":\"https:\/\/cerfo.net\/#organization\",\"name\":\"CERFO\",\"url\":\"https:\/\/cerfo.net\/\",\"logo\":{\"@type\":\"ImageObject\",\"inLanguage\":\"es\",\"@id\":\"https:\/\/cerfo.net\/#\/schema\/logo\/image\/\",\"url\":\"http:\/\/cerfo.net\/wp-content\/uploads\/2024\/03\/Cerfo_Pantone_BASELINE_positivo.png\",\"contentUrl\":\"http:\/\/cerfo.net\/wp-content\/uploads\/2024\/03\/Cerfo_Pantone_BASELINE_positivo.png\",\"width\":2186,\"height\":1205,\"caption\":\"CERFO\"},\"image\":{\"@id\":\"https:\/\/cerfo.net\/#\/schema\/logo\/image\/\"}},{\"@type\":\"Person\",\"@id\":\"https:\/\/cerfo.net\/#\/schema\/person\/aca54c9da937ac3235050995dfa528cf\",\"name\":\"cerfoibersyd\",\"image\":{\"@type\":\"ImageObject\",\"inLanguage\":\"es\",\"@id\":\"https:\/\/cerfo.net\/#\/schema\/person\/image\/\",\"url\":\"https:\/\/secure.gravatar.com\/avatar\/67c73d365f639f534625e3fa32f7d5f8a6532110e7a35736ac5a25f2129bbe6f?s=96&d=mm&r=g\",\"contentUrl\":\"https:\/\/secure.gravatar.com\/avatar\/67c73d365f639f534625e3fa32f7d5f8a6532110e7a35736ac5a25f2129bbe6f?s=96&d=mm&r=g\",\"caption\":\"cerfoibersyd\"},\"url\":\"http:\/\/cerfo.net\/index.php\/author\/cerfoibersyd\/\"}]}<\/script>\n<!-- \/ Yoast SEO plugin. -->","yoast_head_json":{"title":"Cerfo renueva los sellos RSA+ y RSA - CERFO","description":"Cerfo renueva los sellos RSA+ y RSA en la Jornada de la Responsabilidad Social en Arag\u00f3n, en Zaragoza.","robots":{"index":"index","follow":"follow","max-snippet":"max-snippet:-1","max-image-preview":"max-image-preview:large","max-video-preview":"max-video-preview:-1"},"canonical":"http:\/\/cerfo.net\/index.php\/2022\/12\/13\/cerfo-renueva-sellos-rsa\/","og_locale":"es_ES","og_type":"article","og_title":"Cerfo renueva los sellos RSA+ y RSA - CERFO","og_description":"Cerfo renueva los sellos RSA+ y RSA en la Jornada de la Responsabilidad Social en Arag\u00f3n, en Zaragoza.","og_url":"http:\/\/cerfo.net\/index.php\/2022\/12\/13\/cerfo-renueva-sellos-rsa\/","og_site_name":"CERFO","article_published_time":"2022-12-13T08:49:47+00:00","article_modified_time":"2024-04-05T13:20:52+00:00","og_image":[{"width":1600,"height":1200,"url":"http:\/\/cerfo.net\/wp-content\/uploads\/2022\/12\/Sellos-RSA.jpeg","type":"image\/jpeg"}],"author":"cerfoibersyd","twitter_card":"summary_large_image","twitter_misc":{"Escrito por":"cerfoibersyd","Tiempo de lectura":"2 minutos"},"schema":{"@context":"https:\/\/schema.org","@graph":[{"@type":"Article","@id":"http:\/\/cerfo.net\/index.php\/2022\/12\/13\/cerfo-renueva-sellos-rsa\/#article","isPartOf":{"@id":"http:\/\/cerfo.net\/index.php\/2022\/12\/13\/cerfo-renueva-sellos-rsa\/"},"author":{"name":"cerfoibersyd","@id":"https:\/\/cerfo.net\/#\/schema\/person\/aca54c9da937ac3235050995dfa528cf"},"headline":"Cerfo renueva los sellos RSA+ y RSA","datePublished":"2022-12-13T08:49:47+00:00","dateModified":"2024-04-05T13:20:52+00:00","mainEntityOfPage":{"@id":"http:\/\/cerfo.net\/index.php\/2022\/12\/13\/cerfo-renueva-sellos-rsa\/"},"wordCount":350,"publisher":{"@id":"https:\/\/cerfo.net\/#organization"},"image":{"@id":"http:\/\/cerfo.net\/index.php\/2022\/12\/13\/cerfo-renueva-sellos-rsa\/#primaryimage"},"thumbnailUrl":"http:\/\/cerfo.net\/wp-content\/uploads\/2022\/12\/Sellos-RSA.jpeg","keywords":["sostenibilidad"],"articleSection":["Panorama"],"inLanguage":"es"},{"@type":"WebPage","@id":"http:\/\/cerfo.net\/index.php\/2022\/12\/13\/cerfo-renueva-sellos-rsa\/","url":"http:\/\/cerfo.net\/index.php\/2022\/12\/13\/cerfo-renueva-sellos-rsa\/","name":"Cerfo renueva los sellos RSA+ y RSA - CERFO","isPartOf":{"@id":"https:\/\/cerfo.net\/#website"},"primaryImageOfPage":{"@id":"http:\/\/cerfo.net\/index.php\/2022\/12\/13\/cerfo-renueva-sellos-rsa\/#primaryimage"},"image":{"@id":"http:\/\/cerfo.net\/index.php\/2022\/12\/13\/cerfo-renueva-sellos-rsa\/#primaryimage"},"thumbnailUrl":"http:\/\/cerfo.net\/wp-content\/uploads\/2022\/12\/Sellos-RSA.jpeg","datePublished":"2022-12-13T08:49:47+00:00","dateModified":"2024-04-05T13:20:52+00:00","description":"Cerfo renueva los sellos RSA+ y RSA en la Jornada de la Responsabilidad Social en Arag\u00f3n, en Zaragoza.","breadcrumb":{"@id":"http:\/\/cerfo.net\/index.php\/2022\/12\/13\/cerfo-renueva-sellos-rsa\/#breadcrumb"},"inLanguage":"es","potentialAction":[{"@type":"ReadAction","target":["http:\/\/cerfo.net\/index.php\/2022\/12\/13\/cerfo-renueva-sellos-rsa\/"]}]},{"@type":"ImageObject","inLanguage":"es","@id":"http:\/\/cerfo.net\/index.php\/2022\/12\/13\/cerfo-renueva-sellos-rsa\/#primaryimage","url":"http:\/\/cerfo.net\/wp-content\/uploads\/2022\/12\/Sellos-RSA.jpeg","contentUrl":"http:\/\/cerfo.net\/wp-content\/uploads\/2022\/12\/Sellos-RSA.jpeg","width":1600,"height":1200,"caption":"Sellos RSA+"},{"@type":"BreadcrumbList","@id":"http:\/\/cerfo.net\/index.php\/2022\/12\/13\/cerfo-renueva-sellos-rsa\/#breadcrumb","itemListElement":[{"@type":"ListItem","position":1,"name":"Portada","item":"https:\/\/cerfo.net\/"},{"@type":"ListItem","position":2,"name":"Cerfo renueva los sellos RSA+ y RSA"}]},{"@type":"WebSite","@id":"https:\/\/cerfo.net\/#website","url":"https:\/\/cerfo.net\/","name":"CERFO","description":"Reciclaje de Placas Fotovolt\u00e1icas","publisher":{"@id":"https:\/\/cerfo.net\/#organization"},"potentialAction":[{"@type":"SearchAction","target":{"@type":"EntryPoint","urlTemplate":"https:\/\/cerfo.net\/?s={search_term_string}"},"query-input":"required name=search_term_string"}],"inLanguage":"es"},{"@type":"Organization","@id":"https:\/\/cerfo.net\/#organization","name":"CERFO","url":"https:\/\/cerfo.net\/","logo":{"@type":"ImageObject","inLanguage":"es","@id":"https:\/\/cerfo.net\/#\/schema\/logo\/image\/","url":"http:\/\/cerfo.net\/wp-content\/uploads\/2024\/03\/Cerfo_Pantone_BASELINE_positivo.png","contentUrl":"http:\/\/cerfo.net\/wp-content\/uploads\/2024\/03\/Cerfo_Pantone_BASELINE_positivo.png","width":2186,"height":1205,"caption":"CERFO"},"image":{"@id":"https:\/\/cerfo.net\/#\/schema\/logo\/image\/"}},{"@type":"Person","@id":"https:\/\/cerfo.net\/#\/schema\/person\/aca54c9da937ac3235050995dfa528cf","name":"cerfoibersyd","image":{"@type":"ImageObject","inLanguage":"es","@id":"https:\/\/cerfo.net\/#\/schema\/person\/image\/","url":"https:\/\/secure.gravatar.com\/avatar\/67c73d365f639f534625e3fa32f7d5f8a6532110e7a35736ac5a25f2129bbe6f?s=96&d=mm&r=g","contentUrl":"https:\/\/secure.gravatar.com\/avatar\/67c73d365f639f534625e3fa32f7d5f8a6532110e7a35736ac5a25f2129bbe6f?s=96&d=mm&r=g","caption":"cerfoibersyd"},"url":"http:\/\/cerfo.net\/index.php\/author\/cerfoibersyd\/"}]}},"jetpack_featured_media_url":"http:\/\/cerfo.net\/wp-content\/uploads\/2022\/12\/Sellos-RSA.jpeg","_links":{"self":[{"href":"http:\/\/cerfo.net\/index.php\/wp-json\/wp\/v2\/posts\/1049","targetHints":{"allow":["GET"]}}],"collection":[{"href":"http:\/\/cerfo.net\/index.php\/wp-json\/wp\/v2\/posts"}],"about":[{"href":"http:\/\/cerfo.net\/index.php\/wp-json\/wp\/v2\/types\/post"}],"author":[{"embeddable":true,"href":"http:\/\/cerfo.net\/index.php\/wp-json\/wp\/v2\/users\/2"}],"replies":[{"embeddable":true,"href":"http:\/\/cerfo.net\/index.php\/wp-json\/wp\/v2\/comments?post=1049"}],"version-history":[{"count":1,"href":"http:\/\/cerfo.net\/index.php\/wp-json\/wp\/v2\/posts\/1049\/revisions"}],"predecessor-version":[{"id":1472,"href":"http:\/\/cerfo.net\/index.php\/wp-json\/wp\/v2\/posts\/1049\/revisions\/1472"}],"wp:featuredmedia":[{"embeddable":true,"href":"http:\/\/cerfo.net\/index.php\/wp-json\/wp\/v2\/media\/1051"}],"wp:attachment":[{"href":"http:\/\/cerfo.net\/index.php\/wp-json\/wp\/v2\/media?parent=1049"}],"wp:term":[{"taxonomy":"category","embeddable":true,"href":"http:\/\/cerfo.net\/index.php\/wp-json\/wp\/v2\/categories?post=1049"},{"taxonomy":"post_tag","embeddable":true,"href":"http:\/\/cerfo.net\/index.php\/wp-json\/wp\/v2\/tags?post=1049"}],"curies":[{"name":"wp","href":"https:\/\/api.w.org\/{rel}","templated":true}]}}