{"id":1028,"date":"2022-11-28T11:39:54","date_gmt":"2022-11-28T10:39:54","guid":{"rendered":"https:\/\/cerfonet.wpcomstaging.com\/?p=1028"},"modified":"2022-11-28T11:39:54","modified_gmt":"2022-11-28T10:39:54","slug":"ribera-habla-sobre-paz-verde","status":"publish","type":"post","link":"http:\/\/cerfo.net\/index.php\/2022\/11\/28\/ribera-habla-sobre-paz-verde\/","title":{"rendered":"Ribera habla sobre la paz verde"},"content":{"rendered":"\n<p class=\" eplus-wrapper\">La vicepresidenta tercera del Gobierno y\u00a0<a href=\"https:\/\/www.miteco.gob.es\/es\/\" target=\"_blank\" rel=\"noreferrer noopener\">ministra para la Transici\u00f3n Ecol\u00f3gica y el Reto Demogr\u00e1fico<\/a>, Teresa Ribera, ha hablado este fin de semana sobre la crisis clim\u00e1tica. As\u00ed, Teresa Ribera habla sobre la paz verde aludiendo a que \u00abes necesario conseguir una paz verde, porque si queremos pensar en prosperidad debemos introducir un alma verde desde el principio\u00bb.<\/p>\n\n\n\n<h2 class=\"eplus-wrapper wp-block-heading\">Solidaridad frente a los estragos para lograr la paz verde&nbsp;<\/h2>\n\n\n\n<p class=\" eplus-wrapper\">La ministra para la&nbsp;<strong>Transici\u00f3n Ecol\u00f3gica y el Reto Democr\u00e1tico<\/strong>, Teresa Ribera habla sobre la paz verde, reci\u00e9n llegada de la&nbsp;<strong>Cumbre del Clima<\/strong>. Dentro de la jornada \u00ab<strong>Cambio clim\u00e1tico: Desaf\u00edo global<\/strong>\u00ab, Ribera reflexion\u00f3 sobre esta nueva etapa clim\u00e1tica. \u00abHay estragos a causa de este cambio clim\u00e1tico que precisan de una solidaridad intensa\u00bb, informo la ministra. Para ilustrarlo, se ha referido algunas de las cat\u00e1strofes clim\u00e1ticas de este a\u00f1o como las inundaciones de China o la&nbsp;<strong>ola de calor<\/strong>, especialmente en Espa\u00f1a. Estas cat\u00e1strofes clim\u00e1ticas han obligado \u00aba introducir nuevas medidas. Algo muy doloroso por la parte de la sociedad con menos capacidad econ\u00f3mica\u00bb.<\/p>\n\n\n\n<p class=\" eplus-wrapper\">\u00abEl incremento de la temperatura media, es ya una realidad\u00bb, sostuvo la ministra. Para Ribera, esto supone que \u00abtenemos que hacer mucho m\u00e1s, porque c<strong>u\u00e1nto mejor adaptados estemos a un clima diferente menos estragos habr\u00e1<\/strong>\u00ab. Para la vicepresidenta tercera, esto es lo que va a marcar la&nbsp;<strong>pol\u00edtica exterior<\/strong>&nbsp;en el siglo XXI.<\/p>\n","protected":false},"excerpt":{"rendered":"<p>La vicepresidenta tercera del Gobierno y\u00a0ministra para la Transici\u00f3n Ecol\u00f3gica y el Reto Demogr\u00e1fico, Teresa Ribera, ha hablado este fin de semana sobre la crisis clim\u00e1tica. As\u00ed, Teresa Ribera habla sobre la paz verde aludiendo a que \u00abes necesario conseguir una paz verde, porque si queremos pensar en prosperidad debemos introducir un alma verde desde [&hellip;]<\/p>\n","protected":false},"author":2,"featured_media":1030,"comment_status":"open","ping_status":"open","sticky":false,"template":"","format":"standard","meta":{"footnotes":""},"categories":[3],"tags":[7,19],"class_list":["post-1028","post","type-post","status-publish","format-standard","has-post-thumbnail","hentry","category-energias-renovables","tag-cambio-climatico","tag-sostenibilidad"],"yoast_head":"<!-- This site is optimized with the Yoast SEO plugin v22.9 - https:\/\/yoast.com\/wordpress\/plugins\/seo\/ -->\n<title>Ribera habla sobre la paz verde - CERFO<\/title>\n<meta name=\"description\" content=\"Teresa Ribera habla sobre la paz verde aludiendo a que es necesario conseguirla para lograr la prosperidad verde desde el principio.\" \/>\n<meta name=\"robots\" content=\"index, follow, max-snippet:-1, max-image-preview:large, max-video-preview:-1\" \/>\n<link rel=\"canonical\" href=\"http:\/\/cerfo.net\/index.php\/2022\/11\/28\/ribera-habla-sobre-paz-verde\/\" \/>\n<meta property=\"og:locale\" content=\"es_ES\" \/>\n<meta property=\"og:type\" content=\"article\" \/>\n<meta property=\"og:title\" content=\"Ribera habla sobre la paz verde - CERFO\" \/>\n<meta property=\"og:description\" content=\"Teresa Ribera habla sobre la paz verde aludiendo a que es necesario conseguirla para lograr la prosperidad verde desde el principio.\" \/>\n<meta property=\"og:url\" content=\"http:\/\/cerfo.net\/index.php\/2022\/11\/28\/ribera-habla-sobre-paz-verde\/\" \/>\n<meta property=\"og:site_name\" content=\"CERFO\" \/>\n<meta property=\"article:published_time\" content=\"2022-11-28T10:39:54+00:00\" \/>\n<meta property=\"og:image\" content=\"http:\/\/cerfo.net\/wp-content\/uploads\/2022\/11\/2-1-1024x512.png\" \/>\n\t<meta property=\"og:image:width\" content=\"1024\" \/>\n\t<meta property=\"og:image:height\" content=\"512\" \/>\n\t<meta property=\"og:image:type\" content=\"image\/png\" \/>\n<meta name=\"author\" content=\"cerfoibersyd\" \/>\n<meta name=\"twitter:card\" content=\"summary_large_image\" \/>\n<meta name=\"twitter:label1\" content=\"Escrito por\" \/>\n\t<meta name=\"twitter:data1\" content=\"cerfoibersyd\" \/>\n\t<meta name=\"twitter:label2\" content=\"Tiempo de lectura\" \/>\n\t<meta name=\"twitter:data2\" content=\"2 minutos\" \/>\n<script type=\"application\/ld+json\" class=\"yoast-schema-graph\">{\"@context\":\"https:\/\/schema.org\",\"@graph\":[{\"@type\":\"Article\",\"@id\":\"http:\/\/cerfo.net\/index.php\/2022\/11\/28\/ribera-habla-sobre-paz-verde\/#article\",\"isPartOf\":{\"@id\":\"http:\/\/cerfo.net\/index.php\/2022\/11\/28\/ribera-habla-sobre-paz-verde\/\"},\"author\":{\"name\":\"cerfoibersyd\",\"@id\":\"https:\/\/cerfo.net\/#\/schema\/person\/aca54c9da937ac3235050995dfa528cf\"},\"headline\":\"Ribera habla sobre la paz verde\",\"datePublished\":\"2022-11-28T10:39:54+00:00\",\"dateModified\":\"2022-11-28T10:39:54+00:00\",\"mainEntityOfPage\":{\"@id\":\"http:\/\/cerfo.net\/index.php\/2022\/11\/28\/ribera-habla-sobre-paz-verde\/\"},\"wordCount\":259,\"commentCount\":0,\"publisher\":{\"@id\":\"https:\/\/cerfo.net\/#organization\"},\"image\":{\"@id\":\"http:\/\/cerfo.net\/index.php\/2022\/11\/28\/ribera-habla-sobre-paz-verde\/#primaryimage\"},\"thumbnailUrl\":\"http:\/\/cerfo.net\/wp-content\/uploads\/2022\/11\/2-1.png\",\"keywords\":[\"cambio clim\u00e1tico\",\"sostenibilidad\"],\"articleSection\":[\"Energ\u00edas Renovables\"],\"inLanguage\":\"es\",\"potentialAction\":[{\"@type\":\"CommentAction\",\"name\":\"Comment\",\"target\":[\"http:\/\/cerfo.net\/index.php\/2022\/11\/28\/ribera-habla-sobre-paz-verde\/#respond\"]}]},{\"@type\":\"WebPage\",\"@id\":\"http:\/\/cerfo.net\/index.php\/2022\/11\/28\/ribera-habla-sobre-paz-verde\/\",\"url\":\"http:\/\/cerfo.net\/index.php\/2022\/11\/28\/ribera-habla-sobre-paz-verde\/\",\"name\":\"Ribera habla sobre la paz verde - CERFO\",\"isPartOf\":{\"@id\":\"https:\/\/cerfo.net\/#website\"},\"primaryImageOfPage\":{\"@id\":\"http:\/\/cerfo.net\/index.php\/2022\/11\/28\/ribera-habla-sobre-paz-verde\/#primaryimage\"},\"image\":{\"@id\":\"http:\/\/cerfo.net\/index.php\/2022\/11\/28\/ribera-habla-sobre-paz-verde\/#primaryimage\"},\"thumbnailUrl\":\"http:\/\/cerfo.net\/wp-content\/uploads\/2022\/11\/2-1.png\",\"datePublished\":\"2022-11-28T10:39:54+00:00\",\"dateModified\":\"2022-11-28T10:39:54+00:00\",\"description\":\"Teresa Ribera habla sobre la paz verde aludiendo a que es necesario conseguirla para lograr la prosperidad verde desde el principio.\",\"breadcrumb\":{\"@id\":\"http:\/\/cerfo.net\/index.php\/2022\/11\/28\/ribera-habla-sobre-paz-verde\/#breadcrumb\"},\"inLanguage\":\"es\",\"potentialAction\":[{\"@type\":\"ReadAction\",\"target\":[\"http:\/\/cerfo.net\/index.php\/2022\/11\/28\/ribera-habla-sobre-paz-verde\/\"]}]},{\"@type\":\"ImageObject\",\"inLanguage\":\"es\",\"@id\":\"http:\/\/cerfo.net\/index.php\/2022\/11\/28\/ribera-habla-sobre-paz-verde\/#primaryimage\",\"url\":\"http:\/\/cerfo.net\/wp-content\/uploads\/2022\/11\/2-1.png\",\"contentUrl\":\"http:\/\/cerfo.net\/wp-content\/uploads\/2022\/11\/2-1.png\",\"width\":2048,\"height\":1024,\"caption\":\"Ribera habla sobre la paz verde\"},{\"@type\":\"BreadcrumbList\",\"@id\":\"http:\/\/cerfo.net\/index.php\/2022\/11\/28\/ribera-habla-sobre-paz-verde\/#breadcrumb\",\"itemListElement\":[{\"@type\":\"ListItem\",\"position\":1,\"name\":\"Portada\",\"item\":\"https:\/\/cerfo.net\/\"},{\"@type\":\"ListItem\",\"position\":2,\"name\":\"Ribera habla sobre la paz verde\"}]},{\"@type\":\"WebSite\",\"@id\":\"https:\/\/cerfo.net\/#website\",\"url\":\"https:\/\/cerfo.net\/\",\"name\":\"CERFO\",\"description\":\"Reciclaje de Placas Fotovolt\u00e1icas\",\"publisher\":{\"@id\":\"https:\/\/cerfo.net\/#organization\"},\"potentialAction\":[{\"@type\":\"SearchAction\",\"target\":{\"@type\":\"EntryPoint\",\"urlTemplate\":\"https:\/\/cerfo.net\/?s={search_term_string}\"},\"query-input\":\"required name=search_term_string\"}],\"inLanguage\":\"es\"},{\"@type\":\"Organization\",\"@id\":\"https:\/\/cerfo.net\/#organization\",\"name\":\"CERFO\",\"url\":\"https:\/\/cerfo.net\/\",\"logo\":{\"@type\":\"ImageObject\",\"inLanguage\":\"es\",\"@id\":\"https:\/\/cerfo.net\/#\/schema\/logo\/image\/\",\"url\":\"http:\/\/cerfo.net\/wp-content\/uploads\/2024\/03\/Cerfo_Pantone_BASELINE_positivo.png\",\"contentUrl\":\"http:\/\/cerfo.net\/wp-content\/uploads\/2024\/03\/Cerfo_Pantone_BASELINE_positivo.png\",\"width\":2186,\"height\":1205,\"caption\":\"CERFO\"},\"image\":{\"@id\":\"https:\/\/cerfo.net\/#\/schema\/logo\/image\/\"}},{\"@type\":\"Person\",\"@id\":\"https:\/\/cerfo.net\/#\/schema\/person\/aca54c9da937ac3235050995dfa528cf\",\"name\":\"cerfoibersyd\",\"image\":{\"@type\":\"ImageObject\",\"inLanguage\":\"es\",\"@id\":\"https:\/\/cerfo.net\/#\/schema\/person\/image\/\",\"url\":\"https:\/\/secure.gravatar.com\/avatar\/67c73d365f639f534625e3fa32f7d5f8a6532110e7a35736ac5a25f2129bbe6f?s=96&d=mm&r=g\",\"contentUrl\":\"https:\/\/secure.gravatar.com\/avatar\/67c73d365f639f534625e3fa32f7d5f8a6532110e7a35736ac5a25f2129bbe6f?s=96&d=mm&r=g\",\"caption\":\"cerfoibersyd\"},\"url\":\"http:\/\/cerfo.net\/index.php\/author\/cerfoibersyd\/\"}]}<\/script>\n<!-- \/ Yoast SEO plugin. -->","yoast_head_json":{"title":"Ribera habla sobre la paz verde - CERFO","description":"Teresa Ribera habla sobre la paz verde aludiendo a que es necesario conseguirla para lograr la prosperidad verde desde el principio.","robots":{"index":"index","follow":"follow","max-snippet":"max-snippet:-1","max-image-preview":"max-image-preview:large","max-video-preview":"max-video-preview:-1"},"canonical":"http:\/\/cerfo.net\/index.php\/2022\/11\/28\/ribera-habla-sobre-paz-verde\/","og_locale":"es_ES","og_type":"article","og_title":"Ribera habla sobre la paz verde - CERFO","og_description":"Teresa Ribera habla sobre la paz verde aludiendo a que es necesario conseguirla para lograr la prosperidad verde desde el principio.","og_url":"http:\/\/cerfo.net\/index.php\/2022\/11\/28\/ribera-habla-sobre-paz-verde\/","og_site_name":"CERFO","article_published_time":"2022-11-28T10:39:54+00:00","og_image":[{"width":1024,"height":512,"url":"http:\/\/cerfo.net\/wp-content\/uploads\/2022\/11\/2-1-1024x512.png","type":"image\/png"}],"author":"cerfoibersyd","twitter_card":"summary_large_image","twitter_misc":{"Escrito por":"cerfoibersyd","Tiempo de lectura":"2 minutos"},"schema":{"@context":"https:\/\/schema.org","@graph":[{"@type":"Article","@id":"http:\/\/cerfo.net\/index.php\/2022\/11\/28\/ribera-habla-sobre-paz-verde\/#article","isPartOf":{"@id":"http:\/\/cerfo.net\/index.php\/2022\/11\/28\/ribera-habla-sobre-paz-verde\/"},"author":{"name":"cerfoibersyd","@id":"https:\/\/cerfo.net\/#\/schema\/person\/aca54c9da937ac3235050995dfa528cf"},"headline":"Ribera habla sobre la paz verde","datePublished":"2022-11-28T10:39:54+00:00","dateModified":"2022-11-28T10:39:54+00:00","mainEntityOfPage":{"@id":"http:\/\/cerfo.net\/index.php\/2022\/11\/28\/ribera-habla-sobre-paz-verde\/"},"wordCount":259,"commentCount":0,"publisher":{"@id":"https:\/\/cerfo.net\/#organization"},"image":{"@id":"http:\/\/cerfo.net\/index.php\/2022\/11\/28\/ribera-habla-sobre-paz-verde\/#primaryimage"},"thumbnailUrl":"http:\/\/cerfo.net\/wp-content\/uploads\/2022\/11\/2-1.png","keywords":["cambio clim\u00e1tico","sostenibilidad"],"articleSection":["Energ\u00edas Renovables"],"inLanguage":"es","potentialAction":[{"@type":"CommentAction","name":"Comment","target":["http:\/\/cerfo.net\/index.php\/2022\/11\/28\/ribera-habla-sobre-paz-verde\/#respond"]}]},{"@type":"WebPage","@id":"http:\/\/cerfo.net\/index.php\/2022\/11\/28\/ribera-habla-sobre-paz-verde\/","url":"http:\/\/cerfo.net\/index.php\/2022\/11\/28\/ribera-habla-sobre-paz-verde\/","name":"Ribera habla sobre la paz verde - CERFO","isPartOf":{"@id":"https:\/\/cerfo.net\/#website"},"primaryImageOfPage":{"@id":"http:\/\/cerfo.net\/index.php\/2022\/11\/28\/ribera-habla-sobre-paz-verde\/#primaryimage"},"image":{"@id":"http:\/\/cerfo.net\/index.php\/2022\/11\/28\/ribera-habla-sobre-paz-verde\/#primaryimage"},"thumbnailUrl":"http:\/\/cerfo.net\/wp-content\/uploads\/2022\/11\/2-1.png","datePublished":"2022-11-28T10:39:54+00:00","dateModified":"2022-11-28T10:39:54+00:00","description":"Teresa Ribera habla sobre la paz verde aludiendo a que es necesario conseguirla para lograr la prosperidad verde desde el principio.","breadcrumb":{"@id":"http:\/\/cerfo.net\/index.php\/2022\/11\/28\/ribera-habla-sobre-paz-verde\/#breadcrumb"},"inLanguage":"es","potentialAction":[{"@type":"ReadAction","target":["http:\/\/cerfo.net\/index.php\/2022\/11\/28\/ribera-habla-sobre-paz-verde\/"]}]},{"@type":"ImageObject","inLanguage":"es","@id":"http:\/\/cerfo.net\/index.php\/2022\/11\/28\/ribera-habla-sobre-paz-verde\/#primaryimage","url":"http:\/\/cerfo.net\/wp-content\/uploads\/2022\/11\/2-1.png","contentUrl":"http:\/\/cerfo.net\/wp-content\/uploads\/2022\/11\/2-1.png","width":2048,"height":1024,"caption":"Ribera habla sobre la paz verde"},{"@type":"BreadcrumbList","@id":"http:\/\/cerfo.net\/index.php\/2022\/11\/28\/ribera-habla-sobre-paz-verde\/#breadcrumb","itemListElement":[{"@type":"ListItem","position":1,"name":"Portada","item":"https:\/\/cerfo.net\/"},{"@type":"ListItem","position":2,"name":"Ribera habla sobre la paz verde"}]},{"@type":"WebSite","@id":"https:\/\/cerfo.net\/#website","url":"https:\/\/cerfo.net\/","name":"CERFO","description":"Reciclaje de Placas Fotovolt\u00e1icas","publisher":{"@id":"https:\/\/cerfo.net\/#organization"},"potentialAction":[{"@type":"SearchAction","target":{"@type":"EntryPoint","urlTemplate":"https:\/\/cerfo.net\/?s={search_term_string}"},"query-input":"required name=search_term_string"}],"inLanguage":"es"},{"@type":"Organization","@id":"https:\/\/cerfo.net\/#organization","name":"CERFO","url":"https:\/\/cerfo.net\/","logo":{"@type":"ImageObject","inLanguage":"es","@id":"https:\/\/cerfo.net\/#\/schema\/logo\/image\/","url":"http:\/\/cerfo.net\/wp-content\/uploads\/2024\/03\/Cerfo_Pantone_BASELINE_positivo.png","contentUrl":"http:\/\/cerfo.net\/wp-content\/uploads\/2024\/03\/Cerfo_Pantone_BASELINE_positivo.png","width":2186,"height":1205,"caption":"CERFO"},"image":{"@id":"https:\/\/cerfo.net\/#\/schema\/logo\/image\/"}},{"@type":"Person","@id":"https:\/\/cerfo.net\/#\/schema\/person\/aca54c9da937ac3235050995dfa528cf","name":"cerfoibersyd","image":{"@type":"ImageObject","inLanguage":"es","@id":"https:\/\/cerfo.net\/#\/schema\/person\/image\/","url":"https:\/\/secure.gravatar.com\/avatar\/67c73d365f639f534625e3fa32f7d5f8a6532110e7a35736ac5a25f2129bbe6f?s=96&d=mm&r=g","contentUrl":"https:\/\/secure.gravatar.com\/avatar\/67c73d365f639f534625e3fa32f7d5f8a6532110e7a35736ac5a25f2129bbe6f?s=96&d=mm&r=g","caption":"cerfoibersyd"},"url":"http:\/\/cerfo.net\/index.php\/author\/cerfoibersyd\/"}]}},"jetpack_featured_media_url":"http:\/\/cerfo.net\/wp-content\/uploads\/2022\/11\/2-1.png","_links":{"self":[{"href":"http:\/\/cerfo.net\/index.php\/wp-json\/wp\/v2\/posts\/1028","targetHints":{"allow":["GET"]}}],"collection":[{"href":"http:\/\/cerfo.net\/index.php\/wp-json\/wp\/v2\/posts"}],"about":[{"href":"http:\/\/cerfo.net\/index.php\/wp-json\/wp\/v2\/types\/post"}],"author":[{"embeddable":true,"href":"http:\/\/cerfo.net\/index.php\/wp-json\/wp\/v2\/users\/2"}],"replies":[{"embeddable":true,"href":"http:\/\/cerfo.net\/index.php\/wp-json\/wp\/v2\/comments?post=1028"}],"version-history":[{"count":0,"href":"http:\/\/cerfo.net\/index.php\/wp-json\/wp\/v2\/posts\/1028\/revisions"}],"wp:featuredmedia":[{"embeddable":true,"href":"http:\/\/cerfo.net\/index.php\/wp-json\/wp\/v2\/media\/1030"}],"wp:attachment":[{"href":"http:\/\/cerfo.net\/index.php\/wp-json\/wp\/v2\/media?parent=1028"}],"wp:term":[{"taxonomy":"category","embeddable":true,"href":"http:\/\/cerfo.net\/index.php\/wp-json\/wp\/v2\/categories?post=1028"},{"taxonomy":"post_tag","embeddable":true,"href":"http:\/\/cerfo.net\/index.php\/wp-json\/wp\/v2\/tags?post=1028"}],"curies":[{"name":"wp","href":"https:\/\/api.w.org\/{rel}","templated":true}]}}