{"id":1013,"date":"2022-11-21T13:40:53","date_gmt":"2022-11-21T12:40:53","guid":{"rendered":"https:\/\/cerfonet.wpcomstaging.com\/?p=1013"},"modified":"2022-11-21T13:40:53","modified_gmt":"2022-11-21T12:40:53","slug":"renovables-cop27-oportunidad-aragon","status":"publish","type":"post","link":"http:\/\/cerfo.net\/index.php\/2022\/11\/21\/renovables-cop27-oportunidad-aragon\/","title":{"rendered":"Renovables y COP27 una oportunidad para Arag\u00f3n"},"content":{"rendered":"\n<p class=\" eplus-wrapper\">Art\u00edculo del director general de&nbsp;<a href=\"https:\/\/www.ibersyd.com\/\" target=\"_blank\" rel=\"noreferrer noopener\">\u00cdbersyd<\/a>&nbsp;y presidente de la Comisi\u00f3n de Sostenibilidad del&nbsp;<a href=\"https:\/\/clenar.com\/\" target=\"_blank\" rel=\"noreferrer noopener\">Cl\u00faster de la Energ\u00eda de Arag\u00f3n<\/a>, Jes\u00fas Alijarde, para el diario Heraldo de Arag\u00f3n.<\/p>\n\n\n\n<h2 class=\"eplus-wrapper wp-block-heading\">Renovables y COP27: una oportunidad para Arag\u00f3n<\/h2>\n\n\n\n<p class=\" eplus-wrapper\">Un a\u00f1o m\u00e1s, el mundo celebra una&nbsp;<strong>Conferencia de las Partes (COP)<\/strong>&nbsp;en la que el discurso pol\u00edtico y p\u00fablico orbita sobre la&nbsp;<strong>acci\u00f3n clim\u00e1tica<\/strong>, y sobre c\u00f3mo y cu\u00e1ndo los gobiernos deben impulsar la&nbsp;<strong>transici\u00f3n ecol\u00f3gica<\/strong>. Una semana de reuniones (y, al menos, otras dos de comunicaciones, estudios e informes previos y posteriores) sit\u00faa el&nbsp;<strong>cambio clim\u00e1tico<\/strong>&nbsp;en el centro del debate mundial.&nbsp;<\/p>\n\n\n\n<p class=\" eplus-wrapper\">Las COP son tan fruct\u00edferas e imprescindibles como frustrantes. Nada de lo all\u00ed comprometido ser\u00e1 una realidad si no se consigue aterrizar en el d\u00eda a d\u00eda de la pol\u00edtica estatal de cada pa\u00eds y a nivel local en cada comunidad, regi\u00f3n o municipio. Nada de lo all\u00ed acordado podr\u00e1 ser implementado con garant\u00eda de continuidad si las personas y las empresas a nivel particular no nos damos cuenta de que ya no vale con mantenernos al margen y tolerar discursos ambiguamente demag\u00f3gicos. Debemos actuar en consecuencia y&nbsp;<strong>exigir compromisos personales y pol\u00edticos consistentes y coherentes<\/strong>&nbsp;con la realidad del mundo que vivimos.&nbsp;<\/p>\n\n\n\n<h3 class=\"eplus-wrapper wp-block-heading\">La energ\u00eda es el elemento fundamental de nuestra civilizaci\u00f3n<\/h3>\n\n\n\n<p class=\" eplus-wrapper\">La&nbsp;<strong>energ\u00eda<\/strong>&nbsp;es el elemento fundamental de nuestra civilizaci\u00f3n: cada salto de nivel en la Humanidad ha venido protagonizado por una nueva forma de generaci\u00f3n y utilizaci\u00f3n de la energ\u00eda. Y, precisamente, el \u00faltimo salto cualitativo vivido en el siglo XX es el que ha comprometido nuestro futuro: los&nbsp;<strong>combustibles f\u00f3siles<\/strong>&nbsp;quemados durante los \u00faltimos 50 a\u00f1os son los responsables del cambio clim\u00e1tico.&nbsp;<\/p>\n\n\n\n<p class=\" eplus-wrapper\">No obstante, est\u00e1 en nuestras manos realizar el nuevo salto cualitativo de nuestra civilizaci\u00f3n: el uso generalizado de la&nbsp;<strong>energ\u00eda renovable<\/strong>&nbsp;y la&nbsp;<strong>electrificaci\u00f3n de la econom\u00eda<\/strong>. Para entender el camino a recorrer necesitamos varios datos ilustrativos. El primero es que la&nbsp;<strong>energ\u00eda solar fotovoltaica<\/strong>&nbsp;y la&nbsp;<strong>energ\u00eda e\u00f3lica<\/strong>&nbsp;son las energ\u00edas m\u00e1s baratas de producir desde hace varios a\u00f1os, por lo que empresas energ\u00e9ticas, bancos de inversi\u00f3n y fondos internacionales llevan m\u00e1s de cinco a\u00f1os invirtiendo en promocionar estos proyectos a nivel mundial.&nbsp;<\/p>\n\n\n\n<p class=\" eplus-wrapper\">El segundo aspecto es que, aunque llenemos todos los tejados de edificios construidos del mundo no alcanzaremos a cubrir ni el 15% de la energ\u00eda necesaria para abastecer a nuestras casas de todos los recursos y bienes necesarios para vivir. El autoconsumo individual o colectivo nos independiza, nos da autonom\u00eda y capacidad de tomar mejores decisiones de consumo energ\u00e9tico, pero que nadie se enga\u00f1e: es una parte de la soluci\u00f3n, pero no es la panacea.&nbsp;<\/p>\n\n\n\n<p class=\" eplus-wrapper\">El tercer aspecto tiene que ver con los&nbsp;<strong>modelos de consumo y relaci\u00f3n en la sociedad<\/strong>. Si el veh\u00edculo de combusti\u00f3n elimin\u00f3 a los caballos de las calles y carreteras, y desplaz\u00f3 a los peatones a un segundo plano en las ciudades, los veh\u00edculos el\u00e9ctricos y la movilidad sostenible deben sustituir en el mercado a los veh\u00edculos de combusti\u00f3n, y reconvertir las ciudades para el disfrute de las personas que las habitan. El economista del siglo XX Schumpeter lo denomin\u00f3 la&nbsp;<strong>destrucci\u00f3n creativa<\/strong>.&nbsp;<\/p>\n\n\n\n<h3 class=\"eplus-wrapper wp-block-heading\">La actividad humana es un continuo que no se detiene<\/h3>\n\n\n\n<p class=\" eplus-wrapper\">No debemos olvidar que&nbsp;<strong>la actividad humana es un continuo que no se detien<\/strong>e, y las nuevas formas de&nbsp;<strong>desarrollo industrial, tecnol\u00f3gico y social<\/strong>&nbsp;tienen unos requerimientos energ\u00e9ticos tremendamente superiores a lo que hemos conocido hasta ahora. Como ejemplo, el incremento del 20% del consumo el\u00e9ctrico de Arag\u00f3n debido solamente al centro de datos de Amazon en nuestra comunidad.&nbsp;<\/p>\n\n\n\n<p class=\" eplus-wrapper\">Una vez que aceptemos que necesitamos mucha m\u00e1s potencia y energ\u00eda renovable instalada en el territorio, se podr\u00e1n llegar a consensos de c\u00f3mo y de qu\u00e9 manera lo hacemos. Debemos entender que&nbsp;<strong>Arag\u00f3n tiene la oportunidad de ser una gran protagonista en el futuro econ\u00f3mico, industrial y energ\u00e9tico de Espa\u00f1a y de la Uni\u00f3n Europea<\/strong>. Mantener competitiva y sostenible a la industria agroalimentaria con energ\u00eda renovable y agricultura sostenible es sin\u00f3nimo de impulso a la energ\u00eda renovable.&nbsp;<\/p>\n\n\n\n<p class=\" eplus-wrapper\">Potenciar nuevas actividades industriales basadas en el consumo intensivo de energ\u00eda renovable -como los centros de datos, la producci\u00f3n de hidr\u00f3geno verde, la econom\u00eda circular, la inteligencia artificial y la movilidad sostenible- debe ser el eje transversal y prioridad de las pol\u00edticas p\u00fablicas en Arag\u00f3n.&nbsp;<\/p>\n\n\n\n<p class=\" eplus-wrapper\">Para ello, la clase pol\u00edtica debe abandonar trincheras y, al menos en Arag\u00f3n, enterrar ideas como moratorias o limitaciones pol\u00edticas al desarrollo de renovables, y&nbsp;<strong>retomar el consenso generalizado del desarrollo sostenible<\/strong>basado en una&nbsp;<strong>energ\u00eda limpia, sostenible y barata<\/strong>, con confianza en el trabajo de los t\u00e9cnicos de las administraciones. Esta es la mejor acci\u00f3n que debemos exigir para contribuir a dejar un buen legado a las pr\u00f3ximas generaciones.<\/p>\n\n\n\n<p class=\" eplus-wrapper\"><em>Renovables y COP27 una oportunidad para Arag\u00f3n<\/em><\/p>\n","protected":false},"excerpt":{"rendered":"<p>Art\u00edculo del director general de&nbsp;\u00cdbersyd&nbsp;y presidente de la Comisi\u00f3n de Sostenibilidad del&nbsp;Cl\u00faster de la Energ\u00eda de Arag\u00f3n, Jes\u00fas Alijarde, para el diario Heraldo de Arag\u00f3n. Renovables y COP27: una oportunidad para Arag\u00f3n Un a\u00f1o m\u00e1s, el mundo celebra una&nbsp;Conferencia de las Partes (COP)&nbsp;en la que el discurso pol\u00edtico y p\u00fablico orbita sobre la&nbsp;acci\u00f3n clim\u00e1tica, y [&hellip;]<\/p>\n","protected":false},"author":2,"featured_media":1011,"comment_status":"open","ping_status":"open","sticky":false,"template":"","format":"standard","meta":{"footnotes":""},"categories":[3],"tags":[19],"class_list":["post-1013","post","type-post","status-publish","format-standard","has-post-thumbnail","hentry","category-energias-renovables","tag-sostenibilidad"],"yoast_head":"<!-- This site is optimized with the Yoast SEO plugin v22.9 - https:\/\/yoast.com\/wordpress\/plugins\/seo\/ -->\n<title>Renovables y COP27 una oportunidad para Arag\u00f3n - CERFO<\/title>\n<meta name=\"description\" content=\"Renovables y COP27 una oportunidad para Arag\u00f3n, art\u00edculo de Jes\u00fas Alijarde para el diario Heraldo de Arag\u00f3n.\" \/>\n<meta name=\"robots\" content=\"index, follow, max-snippet:-1, max-image-preview:large, max-video-preview:-1\" \/>\n<link rel=\"canonical\" href=\"http:\/\/cerfo.net\/index.php\/2022\/11\/21\/renovables-cop27-oportunidad-aragon\/\" \/>\n<meta property=\"og:locale\" content=\"es_ES\" \/>\n<meta property=\"og:type\" content=\"article\" \/>\n<meta property=\"og:title\" content=\"Renovables y COP27 una oportunidad para Arag\u00f3n - CERFO\" \/>\n<meta property=\"og:description\" content=\"Renovables y COP27 una oportunidad para Arag\u00f3n, art\u00edculo de Jes\u00fas Alijarde para el diario Heraldo de Arag\u00f3n.\" \/>\n<meta property=\"og:url\" content=\"http:\/\/cerfo.net\/index.php\/2022\/11\/21\/renovables-cop27-oportunidad-aragon\/\" \/>\n<meta property=\"og:site_name\" content=\"CERFO\" \/>\n<meta property=\"article:published_time\" content=\"2022-11-21T12:40:53+00:00\" \/>\n<meta property=\"og:image\" content=\"http:\/\/cerfo.net\/wp-content\/uploads\/2022\/11\/Twitter-y-Web-IBERSYD-y-CERFO-40.png\" \/>\n\t<meta property=\"og:image:width\" content=\"2048\" \/>\n\t<meta property=\"og:image:height\" content=\"1024\" \/>\n\t<meta property=\"og:image:type\" content=\"image\/png\" \/>\n<meta name=\"author\" content=\"cerfoibersyd\" \/>\n<meta name=\"twitter:card\" content=\"summary_large_image\" \/>\n<meta name=\"twitter:label1\" content=\"Escrito por\" \/>\n\t<meta name=\"twitter:data1\" content=\"cerfoibersyd\" \/>\n\t<meta name=\"twitter:label2\" content=\"Tiempo de lectura\" \/>\n\t<meta name=\"twitter:data2\" content=\"4 minutos\" \/>\n<script type=\"application\/ld+json\" class=\"yoast-schema-graph\">{\"@context\":\"https:\/\/schema.org\",\"@graph\":[{\"@type\":\"Article\",\"@id\":\"http:\/\/cerfo.net\/index.php\/2022\/11\/21\/renovables-cop27-oportunidad-aragon\/#article\",\"isPartOf\":{\"@id\":\"http:\/\/cerfo.net\/index.php\/2022\/11\/21\/renovables-cop27-oportunidad-aragon\/\"},\"author\":{\"name\":\"cerfoibersyd\",\"@id\":\"https:\/\/cerfo.net\/#\/schema\/person\/aca54c9da937ac3235050995dfa528cf\"},\"headline\":\"Renovables y COP27 una oportunidad para Arag\u00f3n\",\"datePublished\":\"2022-11-21T12:40:53+00:00\",\"dateModified\":\"2022-11-21T12:40:53+00:00\",\"mainEntityOfPage\":{\"@id\":\"http:\/\/cerfo.net\/index.php\/2022\/11\/21\/renovables-cop27-oportunidad-aragon\/\"},\"wordCount\":924,\"commentCount\":0,\"publisher\":{\"@id\":\"https:\/\/cerfo.net\/#organization\"},\"image\":{\"@id\":\"http:\/\/cerfo.net\/index.php\/2022\/11\/21\/renovables-cop27-oportunidad-aragon\/#primaryimage\"},\"thumbnailUrl\":\"http:\/\/cerfo.net\/wp-content\/uploads\/2022\/11\/Twitter-y-Web-IBERSYD-y-CERFO-40.png\",\"keywords\":[\"sostenibilidad\"],\"articleSection\":[\"Energ\u00edas Renovables\"],\"inLanguage\":\"es\",\"potentialAction\":[{\"@type\":\"CommentAction\",\"name\":\"Comment\",\"target\":[\"http:\/\/cerfo.net\/index.php\/2022\/11\/21\/renovables-cop27-oportunidad-aragon\/#respond\"]}]},{\"@type\":\"WebPage\",\"@id\":\"http:\/\/cerfo.net\/index.php\/2022\/11\/21\/renovables-cop27-oportunidad-aragon\/\",\"url\":\"http:\/\/cerfo.net\/index.php\/2022\/11\/21\/renovables-cop27-oportunidad-aragon\/\",\"name\":\"Renovables y COP27 una oportunidad para Arag\u00f3n - CERFO\",\"isPartOf\":{\"@id\":\"https:\/\/cerfo.net\/#website\"},\"primaryImageOfPage\":{\"@id\":\"http:\/\/cerfo.net\/index.php\/2022\/11\/21\/renovables-cop27-oportunidad-aragon\/#primaryimage\"},\"image\":{\"@id\":\"http:\/\/cerfo.net\/index.php\/2022\/11\/21\/renovables-cop27-oportunidad-aragon\/#primaryimage\"},\"thumbnailUrl\":\"http:\/\/cerfo.net\/wp-content\/uploads\/2022\/11\/Twitter-y-Web-IBERSYD-y-CERFO-40.png\",\"datePublished\":\"2022-11-21T12:40:53+00:00\",\"dateModified\":\"2022-11-21T12:40:53+00:00\",\"description\":\"Renovables y COP27 una oportunidad para Arag\u00f3n, art\u00edculo de Jes\u00fas Alijarde para el diario Heraldo de Arag\u00f3n.\",\"breadcrumb\":{\"@id\":\"http:\/\/cerfo.net\/index.php\/2022\/11\/21\/renovables-cop27-oportunidad-aragon\/#breadcrumb\"},\"inLanguage\":\"es\",\"potentialAction\":[{\"@type\":\"ReadAction\",\"target\":[\"http:\/\/cerfo.net\/index.php\/2022\/11\/21\/renovables-cop27-oportunidad-aragon\/\"]}]},{\"@type\":\"ImageObject\",\"inLanguage\":\"es\",\"@id\":\"http:\/\/cerfo.net\/index.php\/2022\/11\/21\/renovables-cop27-oportunidad-aragon\/#primaryimage\",\"url\":\"http:\/\/cerfo.net\/wp-content\/uploads\/2022\/11\/Twitter-y-Web-IBERSYD-y-CERFO-40.png\",\"contentUrl\":\"http:\/\/cerfo.net\/wp-content\/uploads\/2022\/11\/Twitter-y-Web-IBERSYD-y-CERFO-40.png\",\"width\":2048,\"height\":1024,\"caption\":\"Renovables y COP27 una oportunidad para Arag\u00f3n\"},{\"@type\":\"BreadcrumbList\",\"@id\":\"http:\/\/cerfo.net\/index.php\/2022\/11\/21\/renovables-cop27-oportunidad-aragon\/#breadcrumb\",\"itemListElement\":[{\"@type\":\"ListItem\",\"position\":1,\"name\":\"Portada\",\"item\":\"https:\/\/cerfo.net\/\"},{\"@type\":\"ListItem\",\"position\":2,\"name\":\"Renovables y COP27 una oportunidad para Arag\u00f3n\"}]},{\"@type\":\"WebSite\",\"@id\":\"https:\/\/cerfo.net\/#website\",\"url\":\"https:\/\/cerfo.net\/\",\"name\":\"CERFO\",\"description\":\"Reciclaje de Placas Fotovolt\u00e1icas\",\"publisher\":{\"@id\":\"https:\/\/cerfo.net\/#organization\"},\"potentialAction\":[{\"@type\":\"SearchAction\",\"target\":{\"@type\":\"EntryPoint\",\"urlTemplate\":\"https:\/\/cerfo.net\/?s={search_term_string}\"},\"query-input\":\"required name=search_term_string\"}],\"inLanguage\":\"es\"},{\"@type\":\"Organization\",\"@id\":\"https:\/\/cerfo.net\/#organization\",\"name\":\"CERFO\",\"url\":\"https:\/\/cerfo.net\/\",\"logo\":{\"@type\":\"ImageObject\",\"inLanguage\":\"es\",\"@id\":\"https:\/\/cerfo.net\/#\/schema\/logo\/image\/\",\"url\":\"http:\/\/cerfo.net\/wp-content\/uploads\/2024\/03\/Cerfo_Pantone_BASELINE_positivo.png\",\"contentUrl\":\"http:\/\/cerfo.net\/wp-content\/uploads\/2024\/03\/Cerfo_Pantone_BASELINE_positivo.png\",\"width\":2186,\"height\":1205,\"caption\":\"CERFO\"},\"image\":{\"@id\":\"https:\/\/cerfo.net\/#\/schema\/logo\/image\/\"}},{\"@type\":\"Person\",\"@id\":\"https:\/\/cerfo.net\/#\/schema\/person\/aca54c9da937ac3235050995dfa528cf\",\"name\":\"cerfoibersyd\",\"image\":{\"@type\":\"ImageObject\",\"inLanguage\":\"es\",\"@id\":\"https:\/\/cerfo.net\/#\/schema\/person\/image\/\",\"url\":\"https:\/\/secure.gravatar.com\/avatar\/67c73d365f639f534625e3fa32f7d5f8a6532110e7a35736ac5a25f2129bbe6f?s=96&d=mm&r=g\",\"contentUrl\":\"https:\/\/secure.gravatar.com\/avatar\/67c73d365f639f534625e3fa32f7d5f8a6532110e7a35736ac5a25f2129bbe6f?s=96&d=mm&r=g\",\"caption\":\"cerfoibersyd\"},\"url\":\"http:\/\/cerfo.net\/index.php\/author\/cerfoibersyd\/\"}]}<\/script>\n<!-- \/ Yoast SEO plugin. -->","yoast_head_json":{"title":"Renovables y COP27 una oportunidad para Arag\u00f3n - CERFO","description":"Renovables y COP27 una oportunidad para Arag\u00f3n, art\u00edculo de Jes\u00fas Alijarde para el diario Heraldo de Arag\u00f3n.","robots":{"index":"index","follow":"follow","max-snippet":"max-snippet:-1","max-image-preview":"max-image-preview:large","max-video-preview":"max-video-preview:-1"},"canonical":"http:\/\/cerfo.net\/index.php\/2022\/11\/21\/renovables-cop27-oportunidad-aragon\/","og_locale":"es_ES","og_type":"article","og_title":"Renovables y COP27 una oportunidad para Arag\u00f3n - CERFO","og_description":"Renovables y COP27 una oportunidad para Arag\u00f3n, art\u00edculo de Jes\u00fas Alijarde para el diario Heraldo de Arag\u00f3n.","og_url":"http:\/\/cerfo.net\/index.php\/2022\/11\/21\/renovables-cop27-oportunidad-aragon\/","og_site_name":"CERFO","article_published_time":"2022-11-21T12:40:53+00:00","og_image":[{"width":2048,"height":1024,"url":"http:\/\/cerfo.net\/wp-content\/uploads\/2022\/11\/Twitter-y-Web-IBERSYD-y-CERFO-40.png","type":"image\/png"}],"author":"cerfoibersyd","twitter_card":"summary_large_image","twitter_misc":{"Escrito por":"cerfoibersyd","Tiempo de lectura":"4 minutos"},"schema":{"@context":"https:\/\/schema.org","@graph":[{"@type":"Article","@id":"http:\/\/cerfo.net\/index.php\/2022\/11\/21\/renovables-cop27-oportunidad-aragon\/#article","isPartOf":{"@id":"http:\/\/cerfo.net\/index.php\/2022\/11\/21\/renovables-cop27-oportunidad-aragon\/"},"author":{"name":"cerfoibersyd","@id":"https:\/\/cerfo.net\/#\/schema\/person\/aca54c9da937ac3235050995dfa528cf"},"headline":"Renovables y COP27 una oportunidad para Arag\u00f3n","datePublished":"2022-11-21T12:40:53+00:00","dateModified":"2022-11-21T12:40:53+00:00","mainEntityOfPage":{"@id":"http:\/\/cerfo.net\/index.php\/2022\/11\/21\/renovables-cop27-oportunidad-aragon\/"},"wordCount":924,"commentCount":0,"publisher":{"@id":"https:\/\/cerfo.net\/#organization"},"image":{"@id":"http:\/\/cerfo.net\/index.php\/2022\/11\/21\/renovables-cop27-oportunidad-aragon\/#primaryimage"},"thumbnailUrl":"http:\/\/cerfo.net\/wp-content\/uploads\/2022\/11\/Twitter-y-Web-IBERSYD-y-CERFO-40.png","keywords":["sostenibilidad"],"articleSection":["Energ\u00edas Renovables"],"inLanguage":"es","potentialAction":[{"@type":"CommentAction","name":"Comment","target":["http:\/\/cerfo.net\/index.php\/2022\/11\/21\/renovables-cop27-oportunidad-aragon\/#respond"]}]},{"@type":"WebPage","@id":"http:\/\/cerfo.net\/index.php\/2022\/11\/21\/renovables-cop27-oportunidad-aragon\/","url":"http:\/\/cerfo.net\/index.php\/2022\/11\/21\/renovables-cop27-oportunidad-aragon\/","name":"Renovables y COP27 una oportunidad para Arag\u00f3n - CERFO","isPartOf":{"@id":"https:\/\/cerfo.net\/#website"},"primaryImageOfPage":{"@id":"http:\/\/cerfo.net\/index.php\/2022\/11\/21\/renovables-cop27-oportunidad-aragon\/#primaryimage"},"image":{"@id":"http:\/\/cerfo.net\/index.php\/2022\/11\/21\/renovables-cop27-oportunidad-aragon\/#primaryimage"},"thumbnailUrl":"http:\/\/cerfo.net\/wp-content\/uploads\/2022\/11\/Twitter-y-Web-IBERSYD-y-CERFO-40.png","datePublished":"2022-11-21T12:40:53+00:00","dateModified":"2022-11-21T12:40:53+00:00","description":"Renovables y COP27 una oportunidad para Arag\u00f3n, art\u00edculo de Jes\u00fas Alijarde para el diario Heraldo de Arag\u00f3n.","breadcrumb":{"@id":"http:\/\/cerfo.net\/index.php\/2022\/11\/21\/renovables-cop27-oportunidad-aragon\/#breadcrumb"},"inLanguage":"es","potentialAction":[{"@type":"ReadAction","target":["http:\/\/cerfo.net\/index.php\/2022\/11\/21\/renovables-cop27-oportunidad-aragon\/"]}]},{"@type":"ImageObject","inLanguage":"es","@id":"http:\/\/cerfo.net\/index.php\/2022\/11\/21\/renovables-cop27-oportunidad-aragon\/#primaryimage","url":"http:\/\/cerfo.net\/wp-content\/uploads\/2022\/11\/Twitter-y-Web-IBERSYD-y-CERFO-40.png","contentUrl":"http:\/\/cerfo.net\/wp-content\/uploads\/2022\/11\/Twitter-y-Web-IBERSYD-y-CERFO-40.png","width":2048,"height":1024,"caption":"Renovables y COP27 una oportunidad para Arag\u00f3n"},{"@type":"BreadcrumbList","@id":"http:\/\/cerfo.net\/index.php\/2022\/11\/21\/renovables-cop27-oportunidad-aragon\/#breadcrumb","itemListElement":[{"@type":"ListItem","position":1,"name":"Portada","item":"https:\/\/cerfo.net\/"},{"@type":"ListItem","position":2,"name":"Renovables y COP27 una oportunidad para Arag\u00f3n"}]},{"@type":"WebSite","@id":"https:\/\/cerfo.net\/#website","url":"https:\/\/cerfo.net\/","name":"CERFO","description":"Reciclaje de Placas Fotovolt\u00e1icas","publisher":{"@id":"https:\/\/cerfo.net\/#organization"},"potentialAction":[{"@type":"SearchAction","target":{"@type":"EntryPoint","urlTemplate":"https:\/\/cerfo.net\/?s={search_term_string}"},"query-input":"required name=search_term_string"}],"inLanguage":"es"},{"@type":"Organization","@id":"https:\/\/cerfo.net\/#organization","name":"CERFO","url":"https:\/\/cerfo.net\/","logo":{"@type":"ImageObject","inLanguage":"es","@id":"https:\/\/cerfo.net\/#\/schema\/logo\/image\/","url":"http:\/\/cerfo.net\/wp-content\/uploads\/2024\/03\/Cerfo_Pantone_BASELINE_positivo.png","contentUrl":"http:\/\/cerfo.net\/wp-content\/uploads\/2024\/03\/Cerfo_Pantone_BASELINE_positivo.png","width":2186,"height":1205,"caption":"CERFO"},"image":{"@id":"https:\/\/cerfo.net\/#\/schema\/logo\/image\/"}},{"@type":"Person","@id":"https:\/\/cerfo.net\/#\/schema\/person\/aca54c9da937ac3235050995dfa528cf","name":"cerfoibersyd","image":{"@type":"ImageObject","inLanguage":"es","@id":"https:\/\/cerfo.net\/#\/schema\/person\/image\/","url":"https:\/\/secure.gravatar.com\/avatar\/67c73d365f639f534625e3fa32f7d5f8a6532110e7a35736ac5a25f2129bbe6f?s=96&d=mm&r=g","contentUrl":"https:\/\/secure.gravatar.com\/avatar\/67c73d365f639f534625e3fa32f7d5f8a6532110e7a35736ac5a25f2129bbe6f?s=96&d=mm&r=g","caption":"cerfoibersyd"},"url":"http:\/\/cerfo.net\/index.php\/author\/cerfoibersyd\/"}]}},"jetpack_featured_media_url":"http:\/\/cerfo.net\/wp-content\/uploads\/2022\/11\/Twitter-y-Web-IBERSYD-y-CERFO-40.png","_links":{"self":[{"href":"http:\/\/cerfo.net\/index.php\/wp-json\/wp\/v2\/posts\/1013","targetHints":{"allow":["GET"]}}],"collection":[{"href":"http:\/\/cerfo.net\/index.php\/wp-json\/wp\/v2\/posts"}],"about":[{"href":"http:\/\/cerfo.net\/index.php\/wp-json\/wp\/v2\/types\/post"}],"author":[{"embeddable":true,"href":"http:\/\/cerfo.net\/index.php\/wp-json\/wp\/v2\/users\/2"}],"replies":[{"embeddable":true,"href":"http:\/\/cerfo.net\/index.php\/wp-json\/wp\/v2\/comments?post=1013"}],"version-history":[{"count":0,"href":"http:\/\/cerfo.net\/index.php\/wp-json\/wp\/v2\/posts\/1013\/revisions"}],"wp:featuredmedia":[{"embeddable":true,"href":"http:\/\/cerfo.net\/index.php\/wp-json\/wp\/v2\/media\/1011"}],"wp:attachment":[{"href":"http:\/\/cerfo.net\/index.php\/wp-json\/wp\/v2\/media?parent=1013"}],"wp:term":[{"taxonomy":"category","embeddable":true,"href":"http:\/\/cerfo.net\/index.php\/wp-json\/wp\/v2\/categories?post=1013"},{"taxonomy":"post_tag","embeddable":true,"href":"http:\/\/cerfo.net\/index.php\/wp-json\/wp\/v2\/tags?post=1013"}],"curies":[{"name":"wp","href":"https:\/\/api.w.org\/{rel}","templated":true}]}}